{"id":1778,"date":"2023-04-10T17:30:36","date_gmt":"2023-04-10T15:30:36","guid":{"rendered":"http:\/\/zsp16.wroclaw.pl\/p16wroclaw\/?p=1778"},"modified":"2023-04-11T17:39:03","modified_gmt":"2023-04-11T15:39:03","slug":"kiermasz-wielkanocny","status":"publish","type":"post","link":"https:\/\/zsp16.wroclaw.pl\/p16wroclaw\/2023\/04\/10\/kiermasz-wielkanocny\/","title":{"rendered":"Kiermasz Wielkanocny"},"content":{"rendered":"<p>W dniach od 3 \u2013 7 kwietnia 2023 odby\u0142 si\u0119 w przedszkolu Kiermasz Wielkanocny. Przedszkolaki zaprezentowa\u0142y na nim pi\u0119kne prace plastyczne. Na stole mo\u017cna by\u0142o zobaczy\u0107 \u015bmieszne zaj\u0105czki, kolorowe jajeczka, \u015bwi\u0105teczne kartki z \u017cyczeniami. Zaja\u015bnia\u0142o wiosn\u0105. Kwota zebrana podczas kiermaszu przeznaczona b\u0119dzie na rzecz przedszkola. Dzi\u0119kujemy.<\/p>\n<figure style=\"width: 500px\" class=\"wp-caption alignnone\"><img loading=\"lazy\" decoding=\"async\" src=\"http:\/\/zsp16.wroclaw.pl\/p16wroclaw\/wp-content\/uploads\/2023\/04\/Kiermasz-Wielk-grupa-I-e1681227269399.jpg\" alt=\"\" width=\"500\" height=\"375\" \/><figcaption class=\"wp-caption-text\">Prace kiermaszowe wykonane przez gr I<\/figcaption><\/figure>\n<figure style=\"width: 500px\" class=\"wp-caption alignnone\"><img loading=\"lazy\" decoding=\"async\" src=\"http:\/\/zsp16.wroclaw.pl\/p16wroclaw\/wp-content\/uploads\/2023\/04\/Kiermasz-Wielk-grupaII-e1681227321121.jpg\" alt=\"\" width=\"500\" height=\"375\" \/><figcaption class=\"wp-caption-text\">Prace kiermaszowe wykonane przez gr II<\/figcaption><\/figure>\n<figure style=\"width: 500px\" class=\"wp-caption alignnone\"><img loading=\"lazy\" decoding=\"async\" src=\"http:\/\/zsp16.wroclaw.pl\/p16wroclaw\/wp-content\/uploads\/2023\/04\/Kiermasz-Wielkanocny.-grupa-III-jpg-e1681227344909.jpg\" alt=\"\" width=\"500\" height=\"375\" \/><figcaption class=\"wp-caption-text\">Prace kiermaszowe wykonane przez gr III<\/figcaption><\/figure>\n<figure style=\"width: 500px\" class=\"wp-caption alignnone\"><img loading=\"lazy\" decoding=\"async\" src=\"http:\/\/zsp16.wroclaw.pl\/p16wroclaw\/wp-content\/uploads\/2023\/04\/Kiermasz-Wielk-grupa-IV-jpg-e1681227365812.jpg\" alt=\"\" width=\"500\" height=\"375\" \/><figcaption class=\"wp-caption-text\">Prace kiermaszowe wykonane przez gr IV<\/figcaption><\/figure>\n<figure style=\"width: 500px\" class=\"wp-caption alignnone\"><img loading=\"lazy\" decoding=\"async\" src=\"http:\/\/zsp16.wroclaw.pl\/p16wroclaw\/wp-content\/uploads\/2023\/04\/Kiermasz-Wielk-grupa-V-jpg-e1681227390541.jpg\" alt=\"\" width=\"500\" height=\"375\" \/><figcaption class=\"wp-caption-text\">Prace kiermaszowe wykonane przez gr V<\/figcaption><\/figure>\n<figure style=\"width: 500px\" class=\"wp-caption alignnone\"><img loading=\"lazy\" decoding=\"async\" src=\"http:\/\/zsp16.wroclaw.pl\/p16wroclaw\/wp-content\/uploads\/2023\/04\/Kiermasz-Wielk-grupa-VI-e1681227407601.jpg\" alt=\"\" width=\"500\" height=\"375\" \/><figcaption class=\"wp-caption-text\">Prace kiermaszowe wykonane przez gr VI<\/figcaption><\/figure>\n","protected":false},"excerpt":{"rendered":"<p>W dniach od 3 \u2013 7 kwietnia 2023 odby\u0142 si\u0119 w przedszkolu Kiermasz Wielkanocny. Przedszkolaki zaprezentowa\u0142y na nim pi\u0119kne prace plastyczne. Na stole mo\u017cna by\u0142o zobaczy\u0107 \u015bmieszne zaj\u0105czki, kolorowe jajeczka,&hellip;<\/p>\n","protected":false},"author":3,"featured_media":1785,"comment_status":"closed","ping_status":"closed","sticky":false,"template":"","format":"standard","meta":{"footnotes":""},"categories":[11],"tags":[],"class_list":["post-1778","post","type-post","status-publish","format-standard","has-post-thumbnail","hentry","category-aktualnosci"],"_links":{"self":[{"href":"https:\/\/zsp16.wroclaw.pl\/p16wroclaw\/wp-json\/wp\/v2\/posts\/1778","targetHints":{"allow":["GET"]}}],"collection":[{"href":"https:\/\/zsp16.wroclaw.pl\/p16wroclaw\/wp-json\/wp\/v2\/posts"}],"about":[{"href":"https:\/\/zsp16.wroclaw.pl\/p16wroclaw\/wp-json\/wp\/v2\/types\/post"}],"author":[{"embeddable":true,"href":"https:\/\/zsp16.wroclaw.pl\/p16wroclaw\/wp-json\/wp\/v2\/users\/3"}],"replies":[{"embeddable":true,"href":"https:\/\/zsp16.wroclaw.pl\/p16wroclaw\/wp-json\/wp\/v2\/comments?post=1778"}],"version-history":[{"count":1,"href":"https:\/\/zsp16.wroclaw.pl\/p16wroclaw\/wp-json\/wp\/v2\/posts\/1778\/revisions"}],"predecessor-version":[{"id":1786,"href":"https:\/\/zsp16.wroclaw.pl\/p16wroclaw\/wp-json\/wp\/v2\/posts\/1778\/revisions\/1786"}],"wp:featuredmedia":[{"embeddable":true,"href":"https:\/\/zsp16.wroclaw.pl\/p16wroclaw\/wp-json\/wp\/v2\/media\/1785"}],"wp:attachment":[{"href":"https:\/\/zsp16.wroclaw.pl\/p16wroclaw\/wp-json\/wp\/v2\/media?parent=1778"}],"wp:term":[{"taxonomy":"category","embeddable":true,"href":"https:\/\/zsp16.wroclaw.pl\/p16wroclaw\/wp-json\/wp\/v2\/categories?post=1778"},{"taxonomy":"post_tag","embeddable":true,"href":"https:\/\/zsp16.wroclaw.pl\/p16wroclaw\/wp-json\/wp\/v2\/tags?post=1778"}],"curies":[{"name":"wp","href":"https:\/\/api.w.org\/{rel}","templated":true}]}}