{"id":1806,"date":"2023-04-30T20:32:05","date_gmt":"2023-04-30T18:32:05","guid":{"rendered":"http:\/\/zsp16.wroclaw.pl\/p16wroclaw\/?p=1806"},"modified":"2023-05-16T20:44:14","modified_gmt":"2023-05-16T18:44:14","slug":"dzien-ziemi-2","status":"publish","type":"post","link":"https:\/\/zsp16.wroclaw.pl\/p16wroclaw\/2023\/04\/30\/dzien-ziemi-2\/","title":{"rendered":"Dzie\u0144 Ziemi"},"content":{"rendered":"<p><em>Z okazji przypadaj\u0105cego Mi\u0119dzynarodowego Dnia Ziemi, w pi\u0105tek 21 kwietnia dzieci z naszego przedszkola wzi\u0119\u0142y udzia\u0142 w og\u00f3lnopolskiej akcji\u00a0\u00a0&#8222;Przedszkolak maszeruje &#8211; Ziemi\u0119 ratuje&#8221;, kt\u00f3rej celem by\u0142o zwr\u00f3cenie uwagi na problemy,\u00a0\u00a0z kt\u00f3rymi zmaga si\u0119 planeta Ziemia. Przedszkolaki wsp\u00f3lnie z wychowawczyniami wykona\u0142y na t\u0119 okazj\u0119 plakaty, z kt\u00f3rymi spacerowa\u0142y wok\u00f3\u0142 przedszkola. Aby\u00a0\u00a0zach\u0119ci\u0107 mieszka\u0144c\u00f3w naszego miasta do dbania o \u015brodowisko, namalowa\u0142y na chodniku mural. Dodatkowo nauczyciele w grupach przeprowadzili zaj\u0119cia o tematyce proekologicznej, m.in. uczy\u0142y si\u0119 segregowa\u0107 \u015bmieci, zasia\u0142y \u0142\u0105k\u0119 kwietn\u0105, pog\u0142\u0119bia\u0142y wiedz\u0119 o parkach narodowych.<\/em><\/p>\n<figure style=\"width: 600px\" class=\"wp-caption alignnone\"><img loading=\"lazy\" decoding=\"async\" src=\"http:\/\/zsp16.wroclaw.pl\/p16wroclaw\/wp-content\/uploads\/2023\/05\/unnamed-1-scaled-e1684262239967.jpg\" alt=\"\" width=\"600\" height=\"800\" \/><figcaption class=\"wp-caption-text\">Obchody Dnia Ziemi<\/figcaption><\/figure>\n<p>&nbsp;<\/p>\n<figure style=\"width: 600px\" class=\"wp-caption alignnone\"><img loading=\"lazy\" decoding=\"async\" src=\"http:\/\/zsp16.wroclaw.pl\/p16wroclaw\/wp-content\/uploads\/2023\/05\/unnamed2-e1684262281243.jpg\" alt=\"\" width=\"600\" height=\"800\" \/><figcaption class=\"wp-caption-text\">Przedszkolaki odwiedzi\u0142y szkolny ogr\u00f3dek.<\/figcaption><\/figure>\n<figure style=\"width: 600px\" class=\"wp-caption alignnone\"><img loading=\"lazy\" decoding=\"async\" src=\"http:\/\/zsp16.wroclaw.pl\/p16wroclaw\/wp-content\/uploads\/2023\/05\/342184674_584149466814652_1526447761465793702_n-1-1-e1684262350936.jpg\" alt=\"\" width=\"600\" height=\"450\" \/><figcaption class=\"wp-caption-text\">Dzieci ucz\u0105 si\u0119 segregacji odpad\u00f3w.<\/figcaption><\/figure>\n<figure style=\"width: 600px\" class=\"wp-caption alignnone\"><img loading=\"lazy\" decoding=\"async\" src=\"http:\/\/zsp16.wroclaw.pl\/p16wroclaw\/wp-content\/uploads\/2023\/05\/5C9CB40B-5F63-4B0D-B959-A94A69226F07-e1684262390892.jpeg\" alt=\"\" width=\"600\" height=\"270\" \/><figcaption class=\"wp-caption-text\">Obchody Dnia Ziemi<\/figcaption><\/figure>\n<figure style=\"width: 600px\" class=\"wp-caption alignnone\"><img loading=\"lazy\" decoding=\"async\" src=\"http:\/\/zsp16.wroclaw.pl\/p16wroclaw\/wp-content\/uploads\/2023\/05\/20230509_103246-e1684262490774.jpg\" alt=\"\" width=\"600\" height=\"450\" \/><figcaption class=\"wp-caption-text\">Dzieci z grupy 6 rozpoznaj\u0105 Parki Narodowe na mapie Polski<\/figcaption><\/figure>\n","protected":false},"excerpt":{"rendered":"<p>Z okazji przypadaj\u0105cego Mi\u0119dzynarodowego Dnia Ziemi, w pi\u0105tek 21 kwietnia dzieci z naszego przedszkola wzi\u0119\u0142y udzia\u0142 w og\u00f3lnopolskiej akcji\u00a0\u00a0&#8222;Przedszkolak maszeruje &#8211; Ziemi\u0119 ratuje&#8221;, kt\u00f3rej celem by\u0142o zwr\u00f3cenie uwagi na problemy,\u00a0\u00a0z&hellip;<\/p>\n","protected":false},"author":3,"featured_media":1809,"comment_status":"closed","ping_status":"closed","sticky":false,"template":"","format":"standard","meta":{"footnotes":""},"categories":[11],"tags":[],"class_list":["post-1806","post","type-post","status-publish","format-standard","has-post-thumbnail","hentry","category-aktualnosci"],"_links":{"self":[{"href":"https:\/\/zsp16.wroclaw.pl\/p16wroclaw\/wp-json\/wp\/v2\/posts\/1806","targetHints":{"allow":["GET"]}}],"collection":[{"href":"https:\/\/zsp16.wroclaw.pl\/p16wroclaw\/wp-json\/wp\/v2\/posts"}],"about":[{"href":"https:\/\/zsp16.wroclaw.pl\/p16wroclaw\/wp-json\/wp\/v2\/types\/post"}],"author":[{"embeddable":true,"href":"https:\/\/zsp16.wroclaw.pl\/p16wroclaw\/wp-json\/wp\/v2\/users\/3"}],"replies":[{"embeddable":true,"href":"https:\/\/zsp16.wroclaw.pl\/p16wroclaw\/wp-json\/wp\/v2\/comments?post=1806"}],"version-history":[{"count":1,"href":"https:\/\/zsp16.wroclaw.pl\/p16wroclaw\/wp-json\/wp\/v2\/posts\/1806\/revisions"}],"predecessor-version":[{"id":1812,"href":"https:\/\/zsp16.wroclaw.pl\/p16wroclaw\/wp-json\/wp\/v2\/posts\/1806\/revisions\/1812"}],"wp:featuredmedia":[{"embeddable":true,"href":"https:\/\/zsp16.wroclaw.pl\/p16wroclaw\/wp-json\/wp\/v2\/media\/1809"}],"wp:attachment":[{"href":"https:\/\/zsp16.wroclaw.pl\/p16wroclaw\/wp-json\/wp\/v2\/media?parent=1806"}],"wp:term":[{"taxonomy":"category","embeddable":true,"href":"https:\/\/zsp16.wroclaw.pl\/p16wroclaw\/wp-json\/wp\/v2\/categories?post=1806"},{"taxonomy":"post_tag","embeddable":true,"href":"https:\/\/zsp16.wroclaw.pl\/p16wroclaw\/wp-json\/wp\/v2\/tags?post=1806"}],"curies":[{"name":"wp","href":"https:\/\/api.w.org\/{rel}","templated":true}]}}