{"id":3611,"date":"2025-03-10T10:18:18","date_gmt":"2025-03-10T09:18:18","guid":{"rendered":"https:\/\/zsp16.wroclaw.pl\/p16wroclaw\/?p=3611"},"modified":"2025-03-10T10:18:18","modified_gmt":"2025-03-10T09:18:18","slug":"dzien-niedzwiedzia-polarnego-w-grupie-i","status":"publish","type":"post","link":"https:\/\/zsp16.wroclaw.pl\/p16wroclaw\/2025\/03\/10\/dzien-niedzwiedzia-polarnego-w-grupie-i\/","title":{"rendered":"Dzie\u0144 Nied\u017awiedzia Polarnego w grupie I"},"content":{"rendered":"<p>27 lutego kojarzy si\u0119 z bardzo lubianym, ale te\u017c gro\u017anym zwierz\u0119ciem, bo z nied\u017awiedziem polarnym. Przedszkolaki z grupy I z okazji Dnia Nied\u017awiedzia Polarnego podj\u0119\u0142y si\u0119 r\u00f3\u017cnych aktywno\u015bci. Przede wszystkim dowiedzia\u0142y si\u0119 o nied\u017awiedziu wielu ciekawych wiadomo\u015bci ogl\u0105daj\u0105c film naukowy. A do sprawdzenia wiedzy przyda\u0142a si\u0119 mapa pami\u0119ci. Wiele rado\u015bci sprawi\u0142a dzieciom zabawa \u201eStary nied\u017awied\u017a mocno \u015bpi\u201d oraz malowanie g\u0105bka i kredkami pastelowymi postaci nied\u017awiedzia polarnego na du\u017cym arkuszu papieru. Mi\u0142o pozna\u0107 takiego zwierzaka.<\/p>\n<figure id=\"attachment_3612\" aria-describedby=\"caption-attachment-3612\" style=\"width: 300px\" class=\"wp-caption alignnone\"><img loading=\"lazy\" decoding=\"async\" class=\"size-medium wp-image-3612\" src=\"http:\/\/zsp16.wroclaw.pl\/p16wroclaw\/wp-content\/uploads\/2025\/03\/n1-300x225.jpg\" alt=\"\" width=\"300\" height=\"225\" srcset=\"https:\/\/zsp16.wroclaw.pl\/p16wroclaw\/wp-content\/uploads\/2025\/03\/n1-300x225.jpg 300w, https:\/\/zsp16.wroclaw.pl\/p16wroclaw\/wp-content\/uploads\/2025\/03\/n1-1024x768.jpg 1024w, https:\/\/zsp16.wroclaw.pl\/p16wroclaw\/wp-content\/uploads\/2025\/03\/n1-768x576.jpg 768w, https:\/\/zsp16.wroclaw.pl\/p16wroclaw\/wp-content\/uploads\/2025\/03\/n1-1536x1152.jpg 1536w, https:\/\/zsp16.wroclaw.pl\/p16wroclaw\/wp-content\/uploads\/2025\/03\/n1-2048x1536.jpg 2048w\" sizes=\"auto, (max-width: 300px) 100vw, 300px\" \/><figcaption id=\"caption-attachment-3612\" class=\"wp-caption-text\">Dziewczynki z grupy I maluj\u0105 g\u0105bkami sylwet\u0119 nied\u017awiedzia.<\/figcaption><\/figure>\n<figure id=\"attachment_3613\" aria-describedby=\"caption-attachment-3613\" style=\"width: 300px\" class=\"wp-caption alignnone\"><img loading=\"lazy\" decoding=\"async\" class=\"size-medium wp-image-3613\" src=\"http:\/\/zsp16.wroclaw.pl\/p16wroclaw\/wp-content\/uploads\/2025\/03\/n2-300x225.jpg\" alt=\"\" width=\"300\" height=\"225\" srcset=\"https:\/\/zsp16.wroclaw.pl\/p16wroclaw\/wp-content\/uploads\/2025\/03\/n2-300x225.jpg 300w, https:\/\/zsp16.wroclaw.pl\/p16wroclaw\/wp-content\/uploads\/2025\/03\/n2-1024x768.jpg 1024w, https:\/\/zsp16.wroclaw.pl\/p16wroclaw\/wp-content\/uploads\/2025\/03\/n2-768x576.jpg 768w, https:\/\/zsp16.wroclaw.pl\/p16wroclaw\/wp-content\/uploads\/2025\/03\/n2-1536x1152.jpg 1536w, https:\/\/zsp16.wroclaw.pl\/p16wroclaw\/wp-content\/uploads\/2025\/03\/n2-2048x1536.jpg 2048w\" sizes=\"auto, (max-width: 300px) 100vw, 300px\" \/><figcaption id=\"caption-attachment-3613\" class=\"wp-caption-text\">Przedszkolaki ogl\u0105daj\u0105 film przyrodniczy o nied\u017awiedziu polarnym.<\/figcaption><\/figure>\n<figure id=\"attachment_3614\" aria-describedby=\"caption-attachment-3614\" style=\"width: 300px\" class=\"wp-caption alignnone\"><img loading=\"lazy\" decoding=\"async\" class=\"size-medium wp-image-3614\" src=\"http:\/\/zsp16.wroclaw.pl\/p16wroclaw\/wp-content\/uploads\/2025\/03\/n3-300x225.jpg\" alt=\"\" width=\"300\" height=\"225\" srcset=\"https:\/\/zsp16.wroclaw.pl\/p16wroclaw\/wp-content\/uploads\/2025\/03\/n3-300x225.jpg 300w, https:\/\/zsp16.wroclaw.pl\/p16wroclaw\/wp-content\/uploads\/2025\/03\/n3-1024x768.jpg 1024w, https:\/\/zsp16.wroclaw.pl\/p16wroclaw\/wp-content\/uploads\/2025\/03\/n3-768x576.jpg 768w, https:\/\/zsp16.wroclaw.pl\/p16wroclaw\/wp-content\/uploads\/2025\/03\/n3-1536x1152.jpg 1536w, https:\/\/zsp16.wroclaw.pl\/p16wroclaw\/wp-content\/uploads\/2025\/03\/n3-2048x1536.jpg 2048w\" sizes=\"auto, (max-width: 300px) 100vw, 300px\" \/><figcaption id=\"caption-attachment-3614\" class=\"wp-caption-text\">Dzieci siedz\u0105c na dywanie opowiadaj\u0105 o nied\u017awiedziu korzystaj\u0105c z mapy pami\u0119ci.<\/figcaption><\/figure>\n<figure id=\"attachment_3615\" aria-describedby=\"caption-attachment-3615\" style=\"width: 300px\" class=\"wp-caption alignnone\"><img loading=\"lazy\" decoding=\"async\" class=\"size-medium wp-image-3615\" src=\"http:\/\/zsp16.wroclaw.pl\/p16wroclaw\/wp-content\/uploads\/2025\/03\/n4-300x225.jpg\" alt=\"\" width=\"300\" height=\"225\" srcset=\"https:\/\/zsp16.wroclaw.pl\/p16wroclaw\/wp-content\/uploads\/2025\/03\/n4-300x225.jpg 300w, https:\/\/zsp16.wroclaw.pl\/p16wroclaw\/wp-content\/uploads\/2025\/03\/n4-1024x768.jpg 1024w, https:\/\/zsp16.wroclaw.pl\/p16wroclaw\/wp-content\/uploads\/2025\/03\/n4-768x576.jpg 768w, https:\/\/zsp16.wroclaw.pl\/p16wroclaw\/wp-content\/uploads\/2025\/03\/n4-1536x1152.jpg 1536w, https:\/\/zsp16.wroclaw.pl\/p16wroclaw\/wp-content\/uploads\/2025\/03\/n4-2048x1536.jpg 2048w\" sizes=\"auto, (max-width: 300px) 100vw, 300px\" \/><figcaption id=\"caption-attachment-3615\" class=\"wp-caption-text\">Dzieci z grupy I bawi\u0105 si\u0119 w kole w zabaw\u0119 \u201eStary nied\u017awied\u017a mocno \u015bpi\u201d.<\/figcaption><\/figure>\n<figure id=\"attachment_3616\" aria-describedby=\"caption-attachment-3616\" style=\"width: 300px\" class=\"wp-caption alignnone\"><img loading=\"lazy\" decoding=\"async\" class=\"size-medium wp-image-3616\" src=\"http:\/\/zsp16.wroclaw.pl\/p16wroclaw\/wp-content\/uploads\/2025\/03\/n5-300x225.jpg\" alt=\"\" width=\"300\" height=\"225\" srcset=\"https:\/\/zsp16.wroclaw.pl\/p16wroclaw\/wp-content\/uploads\/2025\/03\/n5-300x225.jpg 300w, https:\/\/zsp16.wroclaw.pl\/p16wroclaw\/wp-content\/uploads\/2025\/03\/n5-1024x768.jpg 1024w, https:\/\/zsp16.wroclaw.pl\/p16wroclaw\/wp-content\/uploads\/2025\/03\/n5-768x576.jpg 768w, https:\/\/zsp16.wroclaw.pl\/p16wroclaw\/wp-content\/uploads\/2025\/03\/n5-1536x1152.jpg 1536w, https:\/\/zsp16.wroclaw.pl\/p16wroclaw\/wp-content\/uploads\/2025\/03\/n5-2048x1536.jpg 2048w\" sizes=\"auto, (max-width: 300px) 100vw, 300px\" \/><figcaption id=\"caption-attachment-3616\" class=\"wp-caption-text\">Dziewczynki maluj\u0105 kredkami pastelowymi t\u0142o rysunku nied\u017awiedzia polarnego.<\/figcaption><\/figure>\n","protected":false},"excerpt":{"rendered":"<p>27 lutego kojarzy si\u0119 z bardzo lubianym, ale te\u017c gro\u017anym zwierz\u0119ciem, bo z nied\u017awiedziem polarnym. Przedszkolaki z grupy I z okazji Dnia Nied\u017awiedzia Polarnego podj\u0119\u0142y si\u0119 r\u00f3\u017cnych aktywno\u015bci. Przede wszystkim&hellip;<\/p>\n","protected":false},"author":5,"featured_media":0,"comment_status":"closed","ping_status":"closed","sticky":false,"template":"","format":"standard","meta":{"footnotes":""},"categories":[11,19],"tags":[],"class_list":["post-3611","post","type-post","status-publish","format-standard","hentry","category-aktualnosci","category-wydarzylo-sie"],"_links":{"self":[{"href":"https:\/\/zsp16.wroclaw.pl\/p16wroclaw\/wp-json\/wp\/v2\/posts\/3611","targetHints":{"allow":["GET"]}}],"collection":[{"href":"https:\/\/zsp16.wroclaw.pl\/p16wroclaw\/wp-json\/wp\/v2\/posts"}],"about":[{"href":"https:\/\/zsp16.wroclaw.pl\/p16wroclaw\/wp-json\/wp\/v2\/types\/post"}],"author":[{"embeddable":true,"href":"https:\/\/zsp16.wroclaw.pl\/p16wroclaw\/wp-json\/wp\/v2\/users\/5"}],"replies":[{"embeddable":true,"href":"https:\/\/zsp16.wroclaw.pl\/p16wroclaw\/wp-json\/wp\/v2\/comments?post=3611"}],"version-history":[{"count":1,"href":"https:\/\/zsp16.wroclaw.pl\/p16wroclaw\/wp-json\/wp\/v2\/posts\/3611\/revisions"}],"predecessor-version":[{"id":3617,"href":"https:\/\/zsp16.wroclaw.pl\/p16wroclaw\/wp-json\/wp\/v2\/posts\/3611\/revisions\/3617"}],"wp:attachment":[{"href":"https:\/\/zsp16.wroclaw.pl\/p16wroclaw\/wp-json\/wp\/v2\/media?parent=3611"}],"wp:term":[{"taxonomy":"category","embeddable":true,"href":"https:\/\/zsp16.wroclaw.pl\/p16wroclaw\/wp-json\/wp\/v2\/categories?post=3611"},{"taxonomy":"post_tag","embeddable":true,"href":"https:\/\/zsp16.wroclaw.pl\/p16wroclaw\/wp-json\/wp\/v2\/tags?post=3611"}],"curies":[{"name":"wp","href":"https:\/\/api.w.org\/{rel}","templated":true}]}}