{"id":3656,"date":"2025-02-26T22:50:48","date_gmt":"2025-02-26T21:50:48","guid":{"rendered":"https:\/\/zsp16.wroclaw.pl\/p16wroclaw\/?p=3656"},"modified":"2025-04-07T23:08:06","modified_gmt":"2025-04-07T21:08:06","slug":"odwiedziny-kolegi-akordeonisty-w-przedszkolu","status":"publish","type":"post","link":"https:\/\/zsp16.wroclaw.pl\/p16wroclaw\/2025\/02\/26\/odwiedziny-kolegi-akordeonisty-w-przedszkolu\/","title":{"rendered":"Odwiedziny Kolegi Akordeonisty w Przedszkolu"},"content":{"rendered":"<p>W dniu 24 lutego dzieci z\u00a0 grupy IV mia\u0142y przyjemno\u015b\u0107 go\u015bci\u0107 koleg\u0119 akordeonist\u0119, kt\u00f3ry swoj\u0105 muzyk\u0105 wprowadzi\u0142 dzieci w magiczny \u015bwiat d\u017awi\u0119k\u00f3w. Instrument przyci\u0105gn\u0105\u0142 uwag\u0119 przedszkolak\u00f3w, kt\u00f3re z niecierpliwo\u015bci\u0105 czeka\u0142y na rozpocz\u0119cie muzycznej podr\u00f3\u017cy. Odwiedziny kolegi mia\u0142y nie tylko form\u0119 rozrywkow\u0105, ale r\u00f3wnie\u017c edukacyjn\u0105. Muzyk opowiada\u0142 dzieciom o\u00a0 budowie i sposobie, w jaki wydobywa si\u0119\u00a0 d\u017awi\u0119k z akordeonu, a nast\u0119pnie umila\u0142 czas graj\u0105c pi\u0119kne utwory. Dzi\u0119ki temu dzieci mog\u0142y poszerzy\u0107 swoj\u0105 wiedz\u0119 o muzyce, a tak\u017ce zrozumie\u0107, jak wa\u017cna jest ona w naszym \u017cyciu.<\/p>\n<figure id=\"attachment_3657\" aria-describedby=\"caption-attachment-3657\" style=\"width: 900px\" class=\"wp-caption alignnone\"><a href=\"https:\/\/zsp16.wroclaw.pl\/p16wroclaw\/2025\/02\/26\/odwiedziny-kolegi-akordeonisty-w-przedszkolu\/20250224_112149\/\" rel=\"attachment wp-att-3657\"><img loading=\"lazy\" decoding=\"async\" class=\"wp-image-3657 size-large\" src=\"http:\/\/zsp16.wroclaw.pl\/p16wroclaw\/wp-content\/uploads\/2025\/04\/20250224_112149-1024x462.jpg\" alt=\"\" width=\"900\" height=\"406\" srcset=\"https:\/\/zsp16.wroclaw.pl\/p16wroclaw\/wp-content\/uploads\/2025\/04\/20250224_112149-1024x462.jpg 1024w, https:\/\/zsp16.wroclaw.pl\/p16wroclaw\/wp-content\/uploads\/2025\/04\/20250224_112149-300x135.jpg 300w, https:\/\/zsp16.wroclaw.pl\/p16wroclaw\/wp-content\/uploads\/2025\/04\/20250224_112149-768x346.jpg 768w, https:\/\/zsp16.wroclaw.pl\/p16wroclaw\/wp-content\/uploads\/2025\/04\/20250224_112149-1536x692.jpg 1536w, https:\/\/zsp16.wroclaw.pl\/p16wroclaw\/wp-content\/uploads\/2025\/04\/20250224_112149-2048x923.jpg 2048w\" sizes=\"auto, (max-width: 900px) 100vw, 900px\" \/><\/a><figcaption id=\"caption-attachment-3657\" class=\"wp-caption-text\">Ch\u0142opiec ze szko\u0142y podstawowej podczas opowiadania o budowie akordeonu<\/figcaption><\/figure>\n<figure id=\"attachment_3659\" aria-describedby=\"caption-attachment-3659\" style=\"width: 900px\" class=\"wp-caption alignnone\"><a href=\"https:\/\/zsp16.wroclaw.pl\/p16wroclaw\/2025\/02\/26\/odwiedziny-kolegi-akordeonisty-w-przedszkolu\/20250224_112458\/\" rel=\"attachment wp-att-3659\"><img loading=\"lazy\" decoding=\"async\" class=\"wp-image-3659 size-large\" src=\"http:\/\/zsp16.wroclaw.pl\/p16wroclaw\/wp-content\/uploads\/2025\/04\/20250224_112458-1024x577.jpg\" alt=\"\" width=\"900\" height=\"507\" srcset=\"https:\/\/zsp16.wroclaw.pl\/p16wroclaw\/wp-content\/uploads\/2025\/04\/20250224_112458-1024x577.jpg 1024w, https:\/\/zsp16.wroclaw.pl\/p16wroclaw\/wp-content\/uploads\/2025\/04\/20250224_112458-300x169.jpg 300w, https:\/\/zsp16.wroclaw.pl\/p16wroclaw\/wp-content\/uploads\/2025\/04\/20250224_112458-768x432.jpg 768w, https:\/\/zsp16.wroclaw.pl\/p16wroclaw\/wp-content\/uploads\/2025\/04\/20250224_112458-1536x865.jpg 1536w, https:\/\/zsp16.wroclaw.pl\/p16wroclaw\/wp-content\/uploads\/2025\/04\/20250224_112458-2048x1153.jpg 2048w\" sizes=\"auto, (max-width: 900px) 100vw, 900px\" \/><\/a><figcaption id=\"caption-attachment-3659\" class=\"wp-caption-text\">Dzieci z gr. IV podczas akordeonowego koncertu m\u0142odego artysty<\/figcaption><\/figure>\n<figure id=\"attachment_3660\" aria-describedby=\"caption-attachment-3660\" style=\"width: 900px\" class=\"wp-caption alignnone\"><a href=\"https:\/\/zsp16.wroclaw.pl\/p16wroclaw\/2025\/02\/26\/odwiedziny-kolegi-akordeonisty-w-przedszkolu\/20250224_112508-1\/\" rel=\"attachment wp-att-3660\"><img loading=\"lazy\" decoding=\"async\" class=\"wp-image-3660 size-large\" src=\"http:\/\/zsp16.wroclaw.pl\/p16wroclaw\/wp-content\/uploads\/2025\/04\/20250224_112508-1-1024x577.jpg\" alt=\"\" width=\"900\" height=\"507\" srcset=\"https:\/\/zsp16.wroclaw.pl\/p16wroclaw\/wp-content\/uploads\/2025\/04\/20250224_112508-1-1024x577.jpg 1024w, https:\/\/zsp16.wroclaw.pl\/p16wroclaw\/wp-content\/uploads\/2025\/04\/20250224_112508-1-300x169.jpg 300w, https:\/\/zsp16.wroclaw.pl\/p16wroclaw\/wp-content\/uploads\/2025\/04\/20250224_112508-1-768x432.jpg 768w, https:\/\/zsp16.wroclaw.pl\/p16wroclaw\/wp-content\/uploads\/2025\/04\/20250224_112508-1-1536x865.jpg 1536w, https:\/\/zsp16.wroclaw.pl\/p16wroclaw\/wp-content\/uploads\/2025\/04\/20250224_112508-1-2048x1153.jpg 2048w\" sizes=\"auto, (max-width: 900px) 100vw, 900px\" \/><\/a><figcaption id=\"caption-attachment-3660\" class=\"wp-caption-text\">Dzieci oklaskuj\u0105ce wyst\u0119p kolegi<\/figcaption><\/figure>\n","protected":false},"excerpt":{"rendered":"<p>W dniu 24 lutego dzieci z\u00a0 grupy IV mia\u0142y przyjemno\u015b\u0107 go\u015bci\u0107 koleg\u0119 akordeonist\u0119, kt\u00f3ry swoj\u0105 muzyk\u0105 wprowadzi\u0142 dzieci w magiczny \u015bwiat d\u017awi\u0119k\u00f3w. Instrument przyci\u0105gn\u0105\u0142 uwag\u0119 przedszkolak\u00f3w, kt\u00f3re z niecierpliwo\u015bci\u0105 czeka\u0142y&hellip;<\/p>\n","protected":false},"author":4,"featured_media":3659,"comment_status":"closed","ping_status":"closed","sticky":false,"template":"","format":"standard","meta":{"footnotes":""},"categories":[19],"tags":[],"class_list":["post-3656","post","type-post","status-publish","format-standard","has-post-thumbnail","hentry","category-wydarzylo-sie"],"_links":{"self":[{"href":"https:\/\/zsp16.wroclaw.pl\/p16wroclaw\/wp-json\/wp\/v2\/posts\/3656","targetHints":{"allow":["GET"]}}],"collection":[{"href":"https:\/\/zsp16.wroclaw.pl\/p16wroclaw\/wp-json\/wp\/v2\/posts"}],"about":[{"href":"https:\/\/zsp16.wroclaw.pl\/p16wroclaw\/wp-json\/wp\/v2\/types\/post"}],"author":[{"embeddable":true,"href":"https:\/\/zsp16.wroclaw.pl\/p16wroclaw\/wp-json\/wp\/v2\/users\/4"}],"replies":[{"embeddable":true,"href":"https:\/\/zsp16.wroclaw.pl\/p16wroclaw\/wp-json\/wp\/v2\/comments?post=3656"}],"version-history":[{"count":2,"href":"https:\/\/zsp16.wroclaw.pl\/p16wroclaw\/wp-json\/wp\/v2\/posts\/3656\/revisions"}],"predecessor-version":[{"id":3682,"href":"https:\/\/zsp16.wroclaw.pl\/p16wroclaw\/wp-json\/wp\/v2\/posts\/3656\/revisions\/3682"}],"wp:featuredmedia":[{"embeddable":true,"href":"https:\/\/zsp16.wroclaw.pl\/p16wroclaw\/wp-json\/wp\/v2\/media\/3659"}],"wp:attachment":[{"href":"https:\/\/zsp16.wroclaw.pl\/p16wroclaw\/wp-json\/wp\/v2\/media?parent=3656"}],"wp:term":[{"taxonomy":"category","embeddable":true,"href":"https:\/\/zsp16.wroclaw.pl\/p16wroclaw\/wp-json\/wp\/v2\/categories?post=3656"},{"taxonomy":"post_tag","embeddable":true,"href":"https:\/\/zsp16.wroclaw.pl\/p16wroclaw\/wp-json\/wp\/v2\/tags?post=3656"}],"curies":[{"name":"wp","href":"https:\/\/api.w.org\/{rel}","templated":true}]}}