{"id":3688,"date":"2025-03-31T00:47:40","date_gmt":"2025-03-30T22:47:40","guid":{"rendered":"https:\/\/zsp16.wroclaw.pl\/p16wroclaw\/?p=3688"},"modified":"2025-04-11T10:47:23","modified_gmt":"2025-04-11T08:47:23","slug":"wizyta-strazaka-w-grupie-iv","status":"publish","type":"post","link":"https:\/\/zsp16.wroclaw.pl\/p16wroclaw\/2025\/03\/31\/wizyta-strazaka-w-grupie-iv\/","title":{"rendered":"Wizyta stra\u017caka w grupie IV"},"content":{"rendered":"<p class=\"\" data-start=\"194\" data-end=\"455\">W dniu 24 marca dzieci z grupy IV odwiedzi\u0142\u00a0 wyj\u0105tkowy go\u015b\u0107 \u2013 stra\u017cak z pobliskiej jednostki Stra\u017cy Po\u017carnej.<\/p>\n<p class=\"\" data-start=\"457\" data-end=\"767\">Wizyta rozpocz\u0119\u0142a si\u0119 od prezentacji stroju stra\u017caka. Pan stra\u017cak cierpliwie opowiada\u0142 o tym, do czego s\u0142u\u017c\u0105 poszczeg\u00f3lne elementy jego ubioru i wyposa\u017cenia. Dzieci mia\u0142y okazj\u0119 przymierzy\u0107 he\u0142m oraz z bliska obejrze\u0107 sprz\u0119t u\u017cywany podczas akcji ratunkowych.<\/p>\n<p class=\"\" data-start=\"769\" data-end=\"1206\">Najwi\u0119kszym zaskoczeniem by\u0142a jednak chwila, gdy nasz go\u015b\u0107 usiad\u0142 wygodnie na\u00a0 krzese\u0142ku i z powag\u0105 oraz u\u015bmiechem przeczyta\u0142 wszystkim znany i lubiany wiersz Jana Brzechwy \u2013 <em data-start=\"954\" data-end=\"967\">\u201ePali si\u0119!\u201d<\/em>. Dzieci s\u0142ucha\u0142y z zapartym tchem, a potem z entuzjazmem odpowiada\u0142y na pytania zwi\u0105zane z tre\u015bci\u0105 wiersza. Dzi\u0119ki temu nie tylko \u015bwietnie si\u0119 bawi\u0142y, ale te\u017c nauczy\u0142y si\u0119, jak wa\u017cne jest odpowiedzialne zachowanie w sytuacjach zagro\u017cenia.<\/p>\n<p class=\"\" data-start=\"1208\" data-end=\"1490\">Podczas spotkania dzieci dowiedzia\u0142y si\u0119 r\u00f3wnie\u017c, jak nale\u017cy post\u0119powa\u0107 w przypadku po\u017caru, jak wezwa\u0107 pomoc oraz dlaczego numer 112 to taki wa\u017cny ci\u0105g cyfr. Na zako\u0144czenie ka\u017cde dziecko otrzyma\u0142o odznak\u0119 \u201eDzielnego Stra\u017caka\u201d oraz mog\u0142o zrobi\u0107 sobie zdj\u0119cie z naszym go\u015bciem.<\/p>\n<p class=\"\" data-start=\"1492\" data-end=\"1746\">To by\u0142a niezapomniana wizyta, kt\u00f3ra po\u0142\u0105czy\u0142a edukacj\u0119 z dobr\u0105 zabaw\u0105. Serdecznie dzi\u0119kujemy Panu Stra\u017cakowi za po\u015bwi\u0119cony czas, ogromne serce i cierpliwo\u015b\u0107. Mamy nadziej\u0119, \u017ce jeszcze si\u0119 spotkamy \u2013 mo\u017ce nast\u0119pnym razem przed prawdziwym wozem stra\u017cackim!<\/p>\n<figure id=\"attachment_3729\" aria-describedby=\"caption-attachment-3729\" style=\"width: 900px\" class=\"wp-caption alignnone\"><a href=\"https:\/\/zsp16.wroclaw.pl\/p16wroclaw\/2025\/03\/31\/wizyta-strazaka-w-grupie-iv\/20250324_110707\/\" rel=\"attachment wp-att-3729\"><img loading=\"lazy\" decoding=\"async\" class=\"wp-image-3729 size-large\" src=\"http:\/\/zsp16.wroclaw.pl\/p16wroclaw\/wp-content\/uploads\/2025\/04\/20250324_110707-1024x462.jpg\" alt=\"\" width=\"900\" height=\"406\" srcset=\"https:\/\/zsp16.wroclaw.pl\/p16wroclaw\/wp-content\/uploads\/2025\/04\/20250324_110707-1024x462.jpg 1024w, https:\/\/zsp16.wroclaw.pl\/p16wroclaw\/wp-content\/uploads\/2025\/04\/20250324_110707-300x135.jpg 300w, https:\/\/zsp16.wroclaw.pl\/p16wroclaw\/wp-content\/uploads\/2025\/04\/20250324_110707-768x346.jpg 768w, https:\/\/zsp16.wroclaw.pl\/p16wroclaw\/wp-content\/uploads\/2025\/04\/20250324_110707-1536x692.jpg 1536w, https:\/\/zsp16.wroclaw.pl\/p16wroclaw\/wp-content\/uploads\/2025\/04\/20250324_110707-2048x923.jpg 2048w\" sizes=\"auto, (max-width: 900px) 100vw, 900px\" \/><\/a><figcaption id=\"caption-attachment-3729\" class=\"wp-caption-text\">Przedszkolaki podczas rozmowy z funkcjonariuszem PSP<\/figcaption><\/figure>\n<figure id=\"attachment_3730\" aria-describedby=\"caption-attachment-3730\" style=\"width: 900px\" class=\"wp-caption alignnone\"><a href=\"https:\/\/zsp16.wroclaw.pl\/p16wroclaw\/2025\/03\/31\/wizyta-strazaka-w-grupie-iv\/20250324_113817\/\" rel=\"attachment wp-att-3730\"><img loading=\"lazy\" decoding=\"async\" class=\"wp-image-3730 size-large\" src=\"http:\/\/zsp16.wroclaw.pl\/p16wroclaw\/wp-content\/uploads\/2025\/04\/20250324_113817-1024x462.jpg\" alt=\"\" width=\"900\" height=\"406\" srcset=\"https:\/\/zsp16.wroclaw.pl\/p16wroclaw\/wp-content\/uploads\/2025\/04\/20250324_113817-1024x462.jpg 1024w, https:\/\/zsp16.wroclaw.pl\/p16wroclaw\/wp-content\/uploads\/2025\/04\/20250324_113817-300x135.jpg 300w, https:\/\/zsp16.wroclaw.pl\/p16wroclaw\/wp-content\/uploads\/2025\/04\/20250324_113817-768x346.jpg 768w, https:\/\/zsp16.wroclaw.pl\/p16wroclaw\/wp-content\/uploads\/2025\/04\/20250324_113817-1536x692.jpg 1536w, https:\/\/zsp16.wroclaw.pl\/p16wroclaw\/wp-content\/uploads\/2025\/04\/20250324_113817-2048x923.jpg 2048w\" sizes=\"auto, (max-width: 900px) 100vw, 900px\" \/><\/a><figcaption id=\"caption-attachment-3730\" class=\"wp-caption-text\">Funkcjonariusz PSP podczas prezentacji stra\u017cackiego he\u0142mu<\/figcaption><\/figure>\n<figure id=\"attachment_3733\" aria-describedby=\"caption-attachment-3733\" style=\"width: 900px\" class=\"wp-caption alignnone\"><a href=\"https:\/\/zsp16.wroclaw.pl\/p16wroclaw\/2025\/03\/31\/wizyta-strazaka-w-grupie-iv\/20250324_115014\/\" rel=\"attachment wp-att-3733\"><img loading=\"lazy\" decoding=\"async\" class=\"wp-image-3733 size-large\" src=\"http:\/\/zsp16.wroclaw.pl\/p16wroclaw\/wp-content\/uploads\/2025\/04\/20250324_115014-1024x462.jpg\" alt=\"\" width=\"900\" height=\"406\" srcset=\"https:\/\/zsp16.wroclaw.pl\/p16wroclaw\/wp-content\/uploads\/2025\/04\/20250324_115014-1024x462.jpg 1024w, https:\/\/zsp16.wroclaw.pl\/p16wroclaw\/wp-content\/uploads\/2025\/04\/20250324_115014-300x135.jpg 300w, https:\/\/zsp16.wroclaw.pl\/p16wroclaw\/wp-content\/uploads\/2025\/04\/20250324_115014-768x346.jpg 768w, https:\/\/zsp16.wroclaw.pl\/p16wroclaw\/wp-content\/uploads\/2025\/04\/20250324_115014-1536x692.jpg 1536w, https:\/\/zsp16.wroclaw.pl\/p16wroclaw\/wp-content\/uploads\/2025\/04\/20250324_115014-2048x923.jpg 2048w\" sizes=\"auto, (max-width: 900px) 100vw, 900px\" \/><\/a><figcaption id=\"caption-attachment-3733\" class=\"wp-caption-text\">Dzieci przygl\u0105daj\u0105ce si\u0119 stra\u017cakowi podczas prezentacji ekwipunku<\/figcaption><\/figure>\n<figure id=\"attachment_3732\" aria-describedby=\"caption-attachment-3732\" style=\"width: 900px\" class=\"wp-caption alignnone\"><a href=\"https:\/\/zsp16.wroclaw.pl\/p16wroclaw\/2025\/03\/31\/wizyta-strazaka-w-grupie-iv\/20250324_114430\/\" rel=\"attachment wp-att-3732\"><img loading=\"lazy\" decoding=\"async\" class=\"wp-image-3732 size-large\" src=\"http:\/\/zsp16.wroclaw.pl\/p16wroclaw\/wp-content\/uploads\/2025\/04\/20250324_114430-1024x462.jpg\" alt=\"\" width=\"900\" height=\"406\" srcset=\"https:\/\/zsp16.wroclaw.pl\/p16wroclaw\/wp-content\/uploads\/2025\/04\/20250324_114430-1024x462.jpg 1024w, https:\/\/zsp16.wroclaw.pl\/p16wroclaw\/wp-content\/uploads\/2025\/04\/20250324_114430-300x135.jpg 300w, https:\/\/zsp16.wroclaw.pl\/p16wroclaw\/wp-content\/uploads\/2025\/04\/20250324_114430-768x346.jpg 768w, https:\/\/zsp16.wroclaw.pl\/p16wroclaw\/wp-content\/uploads\/2025\/04\/20250324_114430-1536x692.jpg 1536w, https:\/\/zsp16.wroclaw.pl\/p16wroclaw\/wp-content\/uploads\/2025\/04\/20250324_114430-2048x923.jpg 2048w\" sizes=\"auto, (max-width: 900px) 100vw, 900px\" \/><\/a><figcaption id=\"caption-attachment-3732\" class=\"wp-caption-text\">Przedszkolaki podczas ogl\u0105dania stra\u017cackich rekwizyt\u00f3w<\/figcaption><\/figure>\n<figure id=\"attachment_3737\" aria-describedby=\"caption-attachment-3737\" style=\"width: 900px\" class=\"wp-caption alignnone\"><a href=\"https:\/\/zsp16.wroclaw.pl\/p16wroclaw\/2025\/03\/31\/wizyta-strazaka-w-grupie-iv\/20250324_120654\/\" rel=\"attachment wp-att-3737\"><img loading=\"lazy\" decoding=\"async\" class=\"wp-image-3737 size-large\" src=\"http:\/\/zsp16.wroclaw.pl\/p16wroclaw\/wp-content\/uploads\/2025\/04\/20250324_120654-1024x462.jpg\" alt=\"\" width=\"900\" height=\"406\" srcset=\"https:\/\/zsp16.wroclaw.pl\/p16wroclaw\/wp-content\/uploads\/2025\/04\/20250324_120654-1024x462.jpg 1024w, https:\/\/zsp16.wroclaw.pl\/p16wroclaw\/wp-content\/uploads\/2025\/04\/20250324_120654-300x135.jpg 300w, https:\/\/zsp16.wroclaw.pl\/p16wroclaw\/wp-content\/uploads\/2025\/04\/20250324_120654-768x346.jpg 768w, https:\/\/zsp16.wroclaw.pl\/p16wroclaw\/wp-content\/uploads\/2025\/04\/20250324_120654-1536x692.jpg 1536w, https:\/\/zsp16.wroclaw.pl\/p16wroclaw\/wp-content\/uploads\/2025\/04\/20250324_120654-2048x923.jpg 2048w\" sizes=\"auto, (max-width: 900px) 100vw, 900px\" \/><\/a><figcaption id=\"caption-attachment-3737\" class=\"wp-caption-text\">Uczestnicy spotkania podczas wr\u0119czania odznak &#8222;dzielnego stra\u017caka&#8221;<\/figcaption><\/figure>\n","protected":false},"excerpt":{"rendered":"<p>W dniu 24 marca dzieci z grupy IV odwiedzi\u0142\u00a0 wyj\u0105tkowy go\u015b\u0107 \u2013 stra\u017cak z pobliskiej jednostki Stra\u017cy Po\u017carnej. Wizyta rozpocz\u0119\u0142a si\u0119 od prezentacji stroju stra\u017caka. Pan stra\u017cak cierpliwie opowiada\u0142 o&hellip;<\/p>\n","protected":false},"author":4,"featured_media":3729,"comment_status":"closed","ping_status":"closed","sticky":false,"template":"","format":"standard","meta":{"footnotes":""},"categories":[11,19],"tags":[],"class_list":["post-3688","post","type-post","status-publish","format-standard","has-post-thumbnail","hentry","category-aktualnosci","category-wydarzylo-sie"],"_links":{"self":[{"href":"https:\/\/zsp16.wroclaw.pl\/p16wroclaw\/wp-json\/wp\/v2\/posts\/3688","targetHints":{"allow":["GET"]}}],"collection":[{"href":"https:\/\/zsp16.wroclaw.pl\/p16wroclaw\/wp-json\/wp\/v2\/posts"}],"about":[{"href":"https:\/\/zsp16.wroclaw.pl\/p16wroclaw\/wp-json\/wp\/v2\/types\/post"}],"author":[{"embeddable":true,"href":"https:\/\/zsp16.wroclaw.pl\/p16wroclaw\/wp-json\/wp\/v2\/users\/4"}],"replies":[{"embeddable":true,"href":"https:\/\/zsp16.wroclaw.pl\/p16wroclaw\/wp-json\/wp\/v2\/comments?post=3688"}],"version-history":[{"count":5,"href":"https:\/\/zsp16.wroclaw.pl\/p16wroclaw\/wp-json\/wp\/v2\/posts\/3688\/revisions"}],"predecessor-version":[{"id":3741,"href":"https:\/\/zsp16.wroclaw.pl\/p16wroclaw\/wp-json\/wp\/v2\/posts\/3688\/revisions\/3741"}],"wp:featuredmedia":[{"embeddable":true,"href":"https:\/\/zsp16.wroclaw.pl\/p16wroclaw\/wp-json\/wp\/v2\/media\/3729"}],"wp:attachment":[{"href":"https:\/\/zsp16.wroclaw.pl\/p16wroclaw\/wp-json\/wp\/v2\/media?parent=3688"}],"wp:term":[{"taxonomy":"category","embeddable":true,"href":"https:\/\/zsp16.wroclaw.pl\/p16wroclaw\/wp-json\/wp\/v2\/categories?post=3688"},{"taxonomy":"post_tag","embeddable":true,"href":"https:\/\/zsp16.wroclaw.pl\/p16wroclaw\/wp-json\/wp\/v2\/tags?post=3688"}],"curies":[{"name":"wp","href":"https:\/\/api.w.org\/{rel}","templated":true}]}}