{"id":4615,"date":"2026-04-13T14:11:52","date_gmt":"2026-04-13T12:11:52","guid":{"rendered":"https:\/\/zsp16.wroclaw.pl\/p16wroclaw\/?p=4615"},"modified":"2026-04-13T14:11:52","modified_gmt":"2026-04-13T12:11:52","slug":"dzien-pisarzy-i-pisarek-w-grupie-ii","status":"publish","type":"post","link":"https:\/\/zsp16.wroclaw.pl\/p16wroclaw\/2026\/04\/13\/dzien-pisarzy-i-pisarek-w-grupie-ii\/","title":{"rendered":"Dzie\u0144 Pisarzy i Pisarek w grupie II"},"content":{"rendered":"<p>3 marca przypada Mi\u0119dzynarodowy Dzie\u0144 Pisarzy i Pisarek. \u015awi\u0119to to jest okazj\u0105 do czytania i wspierania ulubionych autor\u00f3w ksi\u0105\u017cek. Przedszkolaki z grupy II mog\u0142y pozna\u0107 tw\u00f3rczo\u015b\u0107 wybitnych pisarzy : Hansa Chrystiana Andersena, Jana Brzechwy i Juliana Tuwima. Dzieci obejrza\u0142y bajk\u0119 \u201eCalineczka\u201d z serii \u201ePan Andersen opowiada bajki\u201d, bawi\u0142y si\u0119 przy piosenkach z tekstami Jana Brzechwy z \u201eAkademii Pana Kleksa\u201d i sk\u0142ada\u0142y sk\u0142ad poci\u0105gu z \u201eLokomotywy\u201d Juliana Tuwima. Ale najciekawsze dla dzieci by\u0142o opowiadanie o swoich ulubionych ksi\u0105\u017ckach. To by\u0142o mi\u0142e wydarzenie.<\/p>\n<figure id=\"attachment_4616\" aria-describedby=\"caption-attachment-4616\" style=\"width: 300px\" class=\"wp-caption alignnone\"><img loading=\"lazy\" decoding=\"async\" class=\"size-medium wp-image-4616\" src=\"http:\/\/zsp16.wroclaw.pl\/p16wroclaw\/wp-content\/uploads\/2026\/04\/DP1-300x158.jpg\" alt=\"\" width=\"300\" height=\"158\" srcset=\"https:\/\/zsp16.wroclaw.pl\/p16wroclaw\/wp-content\/uploads\/2026\/04\/DP1-300x158.jpg 300w, https:\/\/zsp16.wroclaw.pl\/p16wroclaw\/wp-content\/uploads\/2026\/04\/DP1-1024x540.jpg 1024w, https:\/\/zsp16.wroclaw.pl\/p16wroclaw\/wp-content\/uploads\/2026\/04\/DP1-768x405.jpg 768w, https:\/\/zsp16.wroclaw.pl\/p16wroclaw\/wp-content\/uploads\/2026\/04\/DP1-1536x810.jpg 1536w, https:\/\/zsp16.wroclaw.pl\/p16wroclaw\/wp-content\/uploads\/2026\/04\/DP1-2048x1079.jpg 2048w\" sizes=\"auto, (max-width: 300px) 100vw, 300px\" \/><figcaption id=\"caption-attachment-4616\" class=\"wp-caption-text\">Dzieci z grupy II ogl\u0105daj\u0105 bajk\u0119 \u201eCalineczka\u201d H.CH. Andersena.<\/figcaption><\/figure>\n<figure id=\"attachment_4617\" aria-describedby=\"caption-attachment-4617\" style=\"width: 300px\" class=\"wp-caption alignnone\"><img loading=\"lazy\" decoding=\"async\" class=\"size-medium wp-image-4617\" src=\"http:\/\/zsp16.wroclaw.pl\/p16wroclaw\/wp-content\/uploads\/2026\/04\/DP2-300x225.jpg\" alt=\"\" width=\"300\" height=\"225\" srcset=\"https:\/\/zsp16.wroclaw.pl\/p16wroclaw\/wp-content\/uploads\/2026\/04\/DP2-300x225.jpg 300w, https:\/\/zsp16.wroclaw.pl\/p16wroclaw\/wp-content\/uploads\/2026\/04\/DP2-1024x768.jpg 1024w, https:\/\/zsp16.wroclaw.pl\/p16wroclaw\/wp-content\/uploads\/2026\/04\/DP2-768x576.jpg 768w, https:\/\/zsp16.wroclaw.pl\/p16wroclaw\/wp-content\/uploads\/2026\/04\/DP2-1536x1152.jpg 1536w, https:\/\/zsp16.wroclaw.pl\/p16wroclaw\/wp-content\/uploads\/2026\/04\/DP2-2048x1536.jpg 2048w\" sizes=\"auto, (max-width: 300px) 100vw, 300px\" \/><figcaption id=\"caption-attachment-4617\" class=\"wp-caption-text\">Przedszkolaki uk\u0142adaj\u0105 sk\u0142ad poci\u0105gu z wiersza Juliana Tuwima \u201eLokomotywa\u201d.<\/figcaption><\/figure>\n<figure id=\"attachment_4618\" aria-describedby=\"caption-attachment-4618\" style=\"width: 300px\" class=\"wp-caption alignnone\"><img loading=\"lazy\" decoding=\"async\" class=\"size-medium wp-image-4618\" src=\"http:\/\/zsp16.wroclaw.pl\/p16wroclaw\/wp-content\/uploads\/2026\/04\/DP3-300x225.jpg\" alt=\"\" width=\"300\" height=\"225\" srcset=\"https:\/\/zsp16.wroclaw.pl\/p16wroclaw\/wp-content\/uploads\/2026\/04\/DP3-300x225.jpg 300w, https:\/\/zsp16.wroclaw.pl\/p16wroclaw\/wp-content\/uploads\/2026\/04\/DP3-1024x768.jpg 1024w, https:\/\/zsp16.wroclaw.pl\/p16wroclaw\/wp-content\/uploads\/2026\/04\/DP3-768x576.jpg 768w, https:\/\/zsp16.wroclaw.pl\/p16wroclaw\/wp-content\/uploads\/2026\/04\/DP3-1536x1152.jpg 1536w, https:\/\/zsp16.wroclaw.pl\/p16wroclaw\/wp-content\/uploads\/2026\/04\/DP3-2048x1536.jpg 2048w\" sizes=\"auto, (max-width: 300px) 100vw, 300px\" \/><figcaption id=\"caption-attachment-4618\" class=\"wp-caption-text\">Dzieci z grupy II ogl\u0105daj\u0105 swoje ulubione ksi\u0105\u017cki przyniesione do przedszkola.<\/figcaption><\/figure>\n<figure id=\"attachment_4619\" aria-describedby=\"caption-attachment-4619\" style=\"width: 300px\" class=\"wp-caption alignnone\"><img loading=\"lazy\" decoding=\"async\" class=\"size-medium wp-image-4619\" src=\"http:\/\/zsp16.wroclaw.pl\/p16wroclaw\/wp-content\/uploads\/2026\/04\/DP4-300x225.jpg\" alt=\"\" width=\"300\" height=\"225\" srcset=\"https:\/\/zsp16.wroclaw.pl\/p16wroclaw\/wp-content\/uploads\/2026\/04\/DP4-300x225.jpg 300w, https:\/\/zsp16.wroclaw.pl\/p16wroclaw\/wp-content\/uploads\/2026\/04\/DP4-1024x768.jpg 1024w, https:\/\/zsp16.wroclaw.pl\/p16wroclaw\/wp-content\/uploads\/2026\/04\/DP4-768x576.jpg 768w, https:\/\/zsp16.wroclaw.pl\/p16wroclaw\/wp-content\/uploads\/2026\/04\/DP4-1536x1152.jpg 1536w, https:\/\/zsp16.wroclaw.pl\/p16wroclaw\/wp-content\/uploads\/2026\/04\/DP4-2048x1536.jpg 2048w\" sizes=\"auto, (max-width: 300px) 100vw, 300px\" \/><figcaption id=\"caption-attachment-4619\" class=\"wp-caption-text\">Dzieci opowiadaj\u0105 o swoich ksi\u0105\u017ceczkach innym dzieciom.<\/figcaption><\/figure>\n<figure id=\"attachment_4620\" aria-describedby=\"caption-attachment-4620\" style=\"width: 300px\" class=\"wp-caption alignnone\"><img loading=\"lazy\" decoding=\"async\" class=\"size-medium wp-image-4620\" src=\"http:\/\/zsp16.wroclaw.pl\/p16wroclaw\/wp-content\/uploads\/2026\/04\/DP5-300x225.jpg\" alt=\"\" width=\"300\" height=\"225\" srcset=\"https:\/\/zsp16.wroclaw.pl\/p16wroclaw\/wp-content\/uploads\/2026\/04\/DP5-300x225.jpg 300w, https:\/\/zsp16.wroclaw.pl\/p16wroclaw\/wp-content\/uploads\/2026\/04\/DP5-1024x768.jpg 1024w, https:\/\/zsp16.wroclaw.pl\/p16wroclaw\/wp-content\/uploads\/2026\/04\/DP5-768x576.jpg 768w, https:\/\/zsp16.wroclaw.pl\/p16wroclaw\/wp-content\/uploads\/2026\/04\/DP5-1536x1152.jpg 1536w, https:\/\/zsp16.wroclaw.pl\/p16wroclaw\/wp-content\/uploads\/2026\/04\/DP5-2048x1536.jpg 2048w\" sizes=\"auto, (max-width: 300px) 100vw, 300px\" \/><figcaption id=\"caption-attachment-4620\" class=\"wp-caption-text\">Dziewczynka zach\u0119ca do przeczytania swojej ulubionej ksi\u0105\u017cki.<\/figcaption><\/figure>\n","protected":false},"excerpt":{"rendered":"<p>3 marca przypada Mi\u0119dzynarodowy Dzie\u0144 Pisarzy i Pisarek. \u015awi\u0119to to jest okazj\u0105 do czytania i wspierania ulubionych autor\u00f3w ksi\u0105\u017cek. Przedszkolaki z grupy II mog\u0142y pozna\u0107 tw\u00f3rczo\u015b\u0107 wybitnych pisarzy : Hansa&hellip;<\/p>\n","protected":false},"author":5,"featured_media":4617,"comment_status":"closed","ping_status":"closed","sticky":false,"template":"","format":"standard","meta":{"footnotes":""},"categories":[11,19],"tags":[],"class_list":["post-4615","post","type-post","status-publish","format-standard","has-post-thumbnail","hentry","category-aktualnosci","category-wydarzylo-sie"],"_links":{"self":[{"href":"https:\/\/zsp16.wroclaw.pl\/p16wroclaw\/wp-json\/wp\/v2\/posts\/4615","targetHints":{"allow":["GET"]}}],"collection":[{"href":"https:\/\/zsp16.wroclaw.pl\/p16wroclaw\/wp-json\/wp\/v2\/posts"}],"about":[{"href":"https:\/\/zsp16.wroclaw.pl\/p16wroclaw\/wp-json\/wp\/v2\/types\/post"}],"author":[{"embeddable":true,"href":"https:\/\/zsp16.wroclaw.pl\/p16wroclaw\/wp-json\/wp\/v2\/users\/5"}],"replies":[{"embeddable":true,"href":"https:\/\/zsp16.wroclaw.pl\/p16wroclaw\/wp-json\/wp\/v2\/comments?post=4615"}],"version-history":[{"count":1,"href":"https:\/\/zsp16.wroclaw.pl\/p16wroclaw\/wp-json\/wp\/v2\/posts\/4615\/revisions"}],"predecessor-version":[{"id":4621,"href":"https:\/\/zsp16.wroclaw.pl\/p16wroclaw\/wp-json\/wp\/v2\/posts\/4615\/revisions\/4621"}],"wp:featuredmedia":[{"embeddable":true,"href":"https:\/\/zsp16.wroclaw.pl\/p16wroclaw\/wp-json\/wp\/v2\/media\/4617"}],"wp:attachment":[{"href":"https:\/\/zsp16.wroclaw.pl\/p16wroclaw\/wp-json\/wp\/v2\/media?parent=4615"}],"wp:term":[{"taxonomy":"category","embeddable":true,"href":"https:\/\/zsp16.wroclaw.pl\/p16wroclaw\/wp-json\/wp\/v2\/categories?post=4615"},{"taxonomy":"post_tag","embeddable":true,"href":"https:\/\/zsp16.wroclaw.pl\/p16wroclaw\/wp-json\/wp\/v2\/tags?post=4615"}],"curies":[{"name":"wp","href":"https:\/\/api.w.org\/{rel}","templated":true}]}}