{"id":4622,"date":"2026-04-13T14:15:02","date_gmt":"2026-04-13T12:15:02","guid":{"rendered":"https:\/\/zsp16.wroclaw.pl\/p16wroclaw\/?p=4622"},"modified":"2026-04-13T14:15:02","modified_gmt":"2026-04-13T12:15:02","slug":"udzial-dzieci-z-grupy-ii-w-konkursie-bukiet-na-dzien-kobiet","status":"publish","type":"post","link":"https:\/\/zsp16.wroclaw.pl\/p16wroclaw\/2026\/04\/13\/udzial-dzieci-z-grupy-ii-w-konkursie-bukiet-na-dzien-kobiet\/","title":{"rendered":"Udzia\u0142 dzieci z grupy II w konkursie \u201eBukiet na Dzie\u0144 Kobiet\u201d"},"content":{"rendered":"<p>Dwie dziewczynki z grupy II wzi\u0119\u0142y udzia\u0142 w og\u00f3lnopolskim konkursie plastycznym \u201eBukiet na Dzie\u0144 Kobiet\u201d organizowanym przez Przedszkole Publiczne \u201eKraina Odkrywc\u00f3w\u201d w Turzy \u015al\u0105skiej. Galeria prac dzieci poni\u017cej.<\/p>\n<figure id=\"attachment_4623\" aria-describedby=\"caption-attachment-4623\" style=\"width: 213px\" class=\"wp-caption alignnone\"><img loading=\"lazy\" decoding=\"async\" class=\"size-medium wp-image-4623\" src=\"http:\/\/zsp16.wroclaw.pl\/p16wroclaw\/wp-content\/uploads\/2026\/04\/DK1-213x300.jpg\" alt=\"\" width=\"213\" height=\"300\" srcset=\"https:\/\/zsp16.wroclaw.pl\/p16wroclaw\/wp-content\/uploads\/2026\/04\/DK1-213x300.jpg 213w, https:\/\/zsp16.wroclaw.pl\/p16wroclaw\/wp-content\/uploads\/2026\/04\/DK1-727x1024.jpg 727w, https:\/\/zsp16.wroclaw.pl\/p16wroclaw\/wp-content\/uploads\/2026\/04\/DK1-768x1082.jpg 768w, https:\/\/zsp16.wroclaw.pl\/p16wroclaw\/wp-content\/uploads\/2026\/04\/DK1-1090x1536.jpg 1090w, https:\/\/zsp16.wroclaw.pl\/p16wroclaw\/wp-content\/uploads\/2026\/04\/DK1-1454x2048.jpg 1454w, https:\/\/zsp16.wroclaw.pl\/p16wroclaw\/wp-content\/uploads\/2026\/04\/DK1-scaled.jpg 1817w\" sizes=\"auto, (max-width: 213px) 100vw, 213px\" \/><figcaption id=\"caption-attachment-4623\" class=\"wp-caption-text\">Praca Rozalki<\/figcaption><\/figure>\n<figure id=\"attachment_4624\" aria-describedby=\"caption-attachment-4624\" style=\"width: 214px\" class=\"wp-caption alignnone\"><img loading=\"lazy\" decoding=\"async\" class=\"size-medium wp-image-4624\" src=\"http:\/\/zsp16.wroclaw.pl\/p16wroclaw\/wp-content\/uploads\/2026\/04\/DK2-214x300.jpg\" alt=\"\" width=\"214\" height=\"300\" srcset=\"https:\/\/zsp16.wroclaw.pl\/p16wroclaw\/wp-content\/uploads\/2026\/04\/DK2-214x300.jpg 214w, https:\/\/zsp16.wroclaw.pl\/p16wroclaw\/wp-content\/uploads\/2026\/04\/DK2-732x1024.jpg 732w, https:\/\/zsp16.wroclaw.pl\/p16wroclaw\/wp-content\/uploads\/2026\/04\/DK2-768x1075.jpg 768w, https:\/\/zsp16.wroclaw.pl\/p16wroclaw\/wp-content\/uploads\/2026\/04\/DK2-1097x1536.jpg 1097w, https:\/\/zsp16.wroclaw.pl\/p16wroclaw\/wp-content\/uploads\/2026\/04\/DK2-1463x2048.jpg 1463w, https:\/\/zsp16.wroclaw.pl\/p16wroclaw\/wp-content\/uploads\/2026\/04\/DK2-scaled.jpg 1829w\" sizes=\"auto, (max-width: 214px) 100vw, 214px\" \/><figcaption id=\"caption-attachment-4624\" class=\"wp-caption-text\">Praca Natalki<\/figcaption><\/figure>\n","protected":false},"excerpt":{"rendered":"<p>Dwie dziewczynki z grupy II wzi\u0119\u0142y udzia\u0142 w og\u00f3lnopolskim konkursie plastycznym \u201eBukiet na Dzie\u0144 Kobiet\u201d organizowanym przez Przedszkole Publiczne \u201eKraina Odkrywc\u00f3w\u201d w Turzy \u015al\u0105skiej. Galeria prac dzieci poni\u017cej.<\/p>\n","protected":false},"author":5,"featured_media":4624,"comment_status":"closed","ping_status":"closed","sticky":false,"template":"","format":"standard","meta":{"footnotes":""},"categories":[11,19],"tags":[],"class_list":["post-4622","post","type-post","status-publish","format-standard","has-post-thumbnail","hentry","category-aktualnosci","category-wydarzylo-sie"],"_links":{"self":[{"href":"https:\/\/zsp16.wroclaw.pl\/p16wroclaw\/wp-json\/wp\/v2\/posts\/4622","targetHints":{"allow":["GET"]}}],"collection":[{"href":"https:\/\/zsp16.wroclaw.pl\/p16wroclaw\/wp-json\/wp\/v2\/posts"}],"about":[{"href":"https:\/\/zsp16.wroclaw.pl\/p16wroclaw\/wp-json\/wp\/v2\/types\/post"}],"author":[{"embeddable":true,"href":"https:\/\/zsp16.wroclaw.pl\/p16wroclaw\/wp-json\/wp\/v2\/users\/5"}],"replies":[{"embeddable":true,"href":"https:\/\/zsp16.wroclaw.pl\/p16wroclaw\/wp-json\/wp\/v2\/comments?post=4622"}],"version-history":[{"count":1,"href":"https:\/\/zsp16.wroclaw.pl\/p16wroclaw\/wp-json\/wp\/v2\/posts\/4622\/revisions"}],"predecessor-version":[{"id":4625,"href":"https:\/\/zsp16.wroclaw.pl\/p16wroclaw\/wp-json\/wp\/v2\/posts\/4622\/revisions\/4625"}],"wp:featuredmedia":[{"embeddable":true,"href":"https:\/\/zsp16.wroclaw.pl\/p16wroclaw\/wp-json\/wp\/v2\/media\/4624"}],"wp:attachment":[{"href":"https:\/\/zsp16.wroclaw.pl\/p16wroclaw\/wp-json\/wp\/v2\/media?parent=4622"}],"wp:term":[{"taxonomy":"category","embeddable":true,"href":"https:\/\/zsp16.wroclaw.pl\/p16wroclaw\/wp-json\/wp\/v2\/categories?post=4622"},{"taxonomy":"post_tag","embeddable":true,"href":"https:\/\/zsp16.wroclaw.pl\/p16wroclaw\/wp-json\/wp\/v2\/tags?post=4622"}],"curies":[{"name":"wp","href":"https:\/\/api.w.org\/{rel}","templated":true}]}}