{"id":4626,"date":"2026-04-13T14:17:25","date_gmt":"2026-04-13T12:17:25","guid":{"rendered":"https:\/\/zsp16.wroclaw.pl\/p16wroclaw\/?p=4626"},"modified":"2026-04-13T14:17:25","modified_gmt":"2026-04-13T12:17:25","slug":"udzial-dzieci-z-grupy-ii-w-konkursie-wrobelek-i-jego-ptasi-przyjaciele","status":"publish","type":"post","link":"https:\/\/zsp16.wroclaw.pl\/p16wroclaw\/2026\/04\/13\/udzial-dzieci-z-grupy-ii-w-konkursie-wrobelek-i-jego-ptasi-przyjaciele\/","title":{"rendered":"Udzia\u0142 dzieci z grupy II w konkursie \u201eWr\u00f3belek i jego ptasi przyjaciele\u201d"},"content":{"rendered":"<p>Dwie dziewczynki z grupy II wzi\u0119\u0142y udzia\u0142 w og\u00f3lnopolskim konkursie plastycznym \u201eWr\u00f3belek i jego ptasi przyjaciele\u201d organizowanym przez Przedszkole nr 19 w Mys\u0142owicach. Galeria prac dzieci poni\u017cej.<\/p>\n<figure id=\"attachment_4627\" aria-describedby=\"caption-attachment-4627\" style=\"width: 300px\" class=\"wp-caption alignnone\"><img loading=\"lazy\" decoding=\"async\" class=\"size-medium wp-image-4627\" src=\"http:\/\/zsp16.wroclaw.pl\/p16wroclaw\/wp-content\/uploads\/2026\/04\/w1-300x209.jpg\" alt=\"\" width=\"300\" height=\"209\" srcset=\"https:\/\/zsp16.wroclaw.pl\/p16wroclaw\/wp-content\/uploads\/2026\/04\/w1-300x209.jpg 300w, https:\/\/zsp16.wroclaw.pl\/p16wroclaw\/wp-content\/uploads\/2026\/04\/w1-1024x712.jpg 1024w, https:\/\/zsp16.wroclaw.pl\/p16wroclaw\/wp-content\/uploads\/2026\/04\/w1-768x534.jpg 768w, https:\/\/zsp16.wroclaw.pl\/p16wroclaw\/wp-content\/uploads\/2026\/04\/w1-1536x1068.jpg 1536w, https:\/\/zsp16.wroclaw.pl\/p16wroclaw\/wp-content\/uploads\/2026\/04\/w1-2048x1424.jpg 2048w\" sizes=\"auto, (max-width: 300px) 100vw, 300px\" \/><figcaption id=\"caption-attachment-4627\" class=\"wp-caption-text\">Praca Florki<\/figcaption><\/figure>\n<figure id=\"attachment_4628\" aria-describedby=\"caption-attachment-4628\" style=\"width: 300px\" class=\"wp-caption alignnone\"><img loading=\"lazy\" decoding=\"async\" class=\"size-medium wp-image-4628\" src=\"http:\/\/zsp16.wroclaw.pl\/p16wroclaw\/wp-content\/uploads\/2026\/04\/w2-300x218.jpg\" alt=\"\" width=\"300\" height=\"218\" srcset=\"https:\/\/zsp16.wroclaw.pl\/p16wroclaw\/wp-content\/uploads\/2026\/04\/w2-300x218.jpg 300w, https:\/\/zsp16.wroclaw.pl\/p16wroclaw\/wp-content\/uploads\/2026\/04\/w2-1024x743.jpg 1024w, https:\/\/zsp16.wroclaw.pl\/p16wroclaw\/wp-content\/uploads\/2026\/04\/w2-768x557.jpg 768w, https:\/\/zsp16.wroclaw.pl\/p16wroclaw\/wp-content\/uploads\/2026\/04\/w2-1536x1114.jpg 1536w, https:\/\/zsp16.wroclaw.pl\/p16wroclaw\/wp-content\/uploads\/2026\/04\/w2-2048x1485.jpg 2048w\" sizes=\"auto, (max-width: 300px) 100vw, 300px\" \/><figcaption id=\"caption-attachment-4628\" class=\"wp-caption-text\">Praca Natalki<\/figcaption><\/figure>\n","protected":false},"excerpt":{"rendered":"<p>Dwie dziewczynki z grupy II wzi\u0119\u0142y udzia\u0142 w og\u00f3lnopolskim konkursie plastycznym \u201eWr\u00f3belek i jego ptasi przyjaciele\u201d organizowanym przez Przedszkole nr 19 w Mys\u0142owicach. Galeria prac dzieci poni\u017cej.<\/p>\n","protected":false},"author":5,"featured_media":4627,"comment_status":"closed","ping_status":"closed","sticky":false,"template":"","format":"standard","meta":{"footnotes":""},"categories":[11,19],"tags":[],"class_list":["post-4626","post","type-post","status-publish","format-standard","has-post-thumbnail","hentry","category-aktualnosci","category-wydarzylo-sie"],"_links":{"self":[{"href":"https:\/\/zsp16.wroclaw.pl\/p16wroclaw\/wp-json\/wp\/v2\/posts\/4626","targetHints":{"allow":["GET"]}}],"collection":[{"href":"https:\/\/zsp16.wroclaw.pl\/p16wroclaw\/wp-json\/wp\/v2\/posts"}],"about":[{"href":"https:\/\/zsp16.wroclaw.pl\/p16wroclaw\/wp-json\/wp\/v2\/types\/post"}],"author":[{"embeddable":true,"href":"https:\/\/zsp16.wroclaw.pl\/p16wroclaw\/wp-json\/wp\/v2\/users\/5"}],"replies":[{"embeddable":true,"href":"https:\/\/zsp16.wroclaw.pl\/p16wroclaw\/wp-json\/wp\/v2\/comments?post=4626"}],"version-history":[{"count":1,"href":"https:\/\/zsp16.wroclaw.pl\/p16wroclaw\/wp-json\/wp\/v2\/posts\/4626\/revisions"}],"predecessor-version":[{"id":4629,"href":"https:\/\/zsp16.wroclaw.pl\/p16wroclaw\/wp-json\/wp\/v2\/posts\/4626\/revisions\/4629"}],"wp:featuredmedia":[{"embeddable":true,"href":"https:\/\/zsp16.wroclaw.pl\/p16wroclaw\/wp-json\/wp\/v2\/media\/4627"}],"wp:attachment":[{"href":"https:\/\/zsp16.wroclaw.pl\/p16wroclaw\/wp-json\/wp\/v2\/media?parent=4626"}],"wp:term":[{"taxonomy":"category","embeddable":true,"href":"https:\/\/zsp16.wroclaw.pl\/p16wroclaw\/wp-json\/wp\/v2\/categories?post=4626"},{"taxonomy":"post_tag","embeddable":true,"href":"https:\/\/zsp16.wroclaw.pl\/p16wroclaw\/wp-json\/wp\/v2\/tags?post=4626"}],"curies":[{"name":"wp","href":"https:\/\/api.w.org\/{rel}","templated":true}]}}