{"id":4681,"date":"2026-03-31T18:11:47","date_gmt":"2026-03-31T16:11:47","guid":{"rendered":"https:\/\/zsp16.wroclaw.pl\/p16wroclaw\/?p=4681"},"modified":"2026-04-14T18:17:46","modified_gmt":"2026-04-14T16:17:46","slug":"marcowe-poranki-logopedyczne-w-gr-v","status":"publish","type":"post","link":"https:\/\/zsp16.wroclaw.pl\/p16wroclaw\/2026\/03\/31\/marcowe-poranki-logopedyczne-w-gr-v\/","title":{"rendered":"Marcowe poranki logopedyczne w gr. V"},"content":{"rendered":"<p>Podczas porank\u00f3w logopedycznych dzieci z gr. V wykonywa\u0142y r\u00f3\u017cnorodne \u0107wiczenia z wykorzystaniem materia\u0142u obrazkowego, kt\u00f3re wspiera\u0142y prawid\u0142ow\u0105 wymow\u0119, wzbogaca\u0142y s\u0142ownictwo oraz rozwija\u0142y umiej\u0119tno\u015b\u0107 budowania wypowiedzi. Poprzez zabaw\u0119, nazywanie ilustracji oraz \u0107wiczenia artykulacyjne dzieci doskonali\u0142y sprawno\u015b\u0107 narz\u0105d\u00f3w mowy i uczy\u0142y si\u0119 uwa\u017cnego s\u0142uchania. Zaj\u0119cia przebiega\u0142y w radosnej atmosferze, sprzyjaj\u0105cej aktywnemu udzia\u0142owi i swobodnej komunikacji.<\/p>\n<figure id=\"attachment_4682\" aria-describedby=\"caption-attachment-4682\" style=\"width: 768px\" class=\"wp-caption alignnone\"><a href=\"https:\/\/zsp16.wroclaw.pl\/p16wroclaw\/2026\/03\/31\/marcowe-poranki-logopedyczne-w-gr-v\/20260408_093025\/\" rel=\"attachment wp-att-4682\"><img loading=\"lazy\" decoding=\"async\" class=\"wp-image-4682 size-large\" src=\"http:\/\/zsp16.wroclaw.pl\/p16wroclaw\/wp-content\/uploads\/2026\/04\/20260408_093025-768x1024.jpg\" alt=\"\" width=\"768\" height=\"1024\" srcset=\"https:\/\/zsp16.wroclaw.pl\/p16wroclaw\/wp-content\/uploads\/2026\/04\/20260408_093025-768x1024.jpg 768w, https:\/\/zsp16.wroclaw.pl\/p16wroclaw\/wp-content\/uploads\/2026\/04\/20260408_093025-225x300.jpg 225w, https:\/\/zsp16.wroclaw.pl\/p16wroclaw\/wp-content\/uploads\/2026\/04\/20260408_093025-1152x1536.jpg 1152w, https:\/\/zsp16.wroclaw.pl\/p16wroclaw\/wp-content\/uploads\/2026\/04\/20260408_093025-1536x2048.jpg 1536w, https:\/\/zsp16.wroclaw.pl\/p16wroclaw\/wp-content\/uploads\/2026\/04\/20260408_093025-scaled.jpg 1920w\" sizes=\"auto, (max-width: 768px) 100vw, 768px\" \/><\/a><figcaption id=\"caption-attachment-4682\" class=\"wp-caption-text\">Dzieci z gr. V podczas wykonywania \u0107wicze\u0144 artykulacyjnych<\/figcaption><\/figure>\n<figure id=\"attachment_4683\" aria-describedby=\"caption-attachment-4683\" style=\"width: 900px\" class=\"wp-caption alignnone\"><a href=\"https:\/\/zsp16.wroclaw.pl\/p16wroclaw\/2026\/03\/31\/marcowe-poranki-logopedyczne-w-gr-v\/20260408_091442\/\" rel=\"attachment wp-att-4683\"><img loading=\"lazy\" decoding=\"async\" class=\"wp-image-4683 size-large\" src=\"http:\/\/zsp16.wroclaw.pl\/p16wroclaw\/wp-content\/uploads\/2026\/04\/20260408_091442-1024x768.jpg\" alt=\"\" width=\"900\" height=\"675\" srcset=\"https:\/\/zsp16.wroclaw.pl\/p16wroclaw\/wp-content\/uploads\/2026\/04\/20260408_091442-1024x768.jpg 1024w, https:\/\/zsp16.wroclaw.pl\/p16wroclaw\/wp-content\/uploads\/2026\/04\/20260408_091442-300x225.jpg 300w, https:\/\/zsp16.wroclaw.pl\/p16wroclaw\/wp-content\/uploads\/2026\/04\/20260408_091442-768x576.jpg 768w, https:\/\/zsp16.wroclaw.pl\/p16wroclaw\/wp-content\/uploads\/2026\/04\/20260408_091442-1536x1152.jpg 1536w, https:\/\/zsp16.wroclaw.pl\/p16wroclaw\/wp-content\/uploads\/2026\/04\/20260408_091442-2048x1536.jpg 2048w\" sizes=\"auto, (max-width: 900px) 100vw, 900px\" \/><\/a><figcaption id=\"caption-attachment-4683\" class=\"wp-caption-text\">Przedszkolaki podczas \u0107wicze\u0144 logopedycznych<\/figcaption><\/figure>\n<figure id=\"attachment_4684\" aria-describedby=\"caption-attachment-4684\" style=\"width: 768px\" class=\"wp-caption alignnone\"><a href=\"https:\/\/zsp16.wroclaw.pl\/p16wroclaw\/2026\/03\/31\/marcowe-poranki-logopedyczne-w-gr-v\/20260408_092204\/\" rel=\"attachment wp-att-4684\"><img loading=\"lazy\" decoding=\"async\" class=\"wp-image-4684 size-large\" src=\"http:\/\/zsp16.wroclaw.pl\/p16wroclaw\/wp-content\/uploads\/2026\/04\/20260408_092204-768x1024.jpg\" alt=\"\" width=\"768\" height=\"1024\" srcset=\"https:\/\/zsp16.wroclaw.pl\/p16wroclaw\/wp-content\/uploads\/2026\/04\/20260408_092204-768x1024.jpg 768w, https:\/\/zsp16.wroclaw.pl\/p16wroclaw\/wp-content\/uploads\/2026\/04\/20260408_092204-225x300.jpg 225w, https:\/\/zsp16.wroclaw.pl\/p16wroclaw\/wp-content\/uploads\/2026\/04\/20260408_092204-1152x1536.jpg 1152w, https:\/\/zsp16.wroclaw.pl\/p16wroclaw\/wp-content\/uploads\/2026\/04\/20260408_092204-1536x2048.jpg 1536w, https:\/\/zsp16.wroclaw.pl\/p16wroclaw\/wp-content\/uploads\/2026\/04\/20260408_092204-scaled.jpg 1920w\" sizes=\"auto, (max-width: 768px) 100vw, 768px\" \/><\/a><figcaption id=\"caption-attachment-4684\" class=\"wp-caption-text\">Przedszkolaki z gr. V wykonuj\u0105ce \u0107wiczenia rozlu\u017aniaj\u0105ce mi\u0119\u015bnie twarzy<\/figcaption><\/figure>\n","protected":false},"excerpt":{"rendered":"<p>Podczas porank\u00f3w logopedycznych dzieci z gr. V wykonywa\u0142y r\u00f3\u017cnorodne \u0107wiczenia z wykorzystaniem materia\u0142u obrazkowego, kt\u00f3re wspiera\u0142y prawid\u0142ow\u0105 wymow\u0119, wzbogaca\u0142y s\u0142ownictwo oraz rozwija\u0142y umiej\u0119tno\u015b\u0107 budowania wypowiedzi. Poprzez zabaw\u0119, nazywanie ilustracji oraz&hellip;<\/p>\n","protected":false},"author":4,"featured_media":4683,"comment_status":"closed","ping_status":"closed","sticky":false,"template":"","format":"standard","meta":{"footnotes":""},"categories":[11,41],"tags":[],"class_list":["post-4681","post","type-post","status-publish","format-standard","has-post-thumbnail","hentry","category-aktualnosci","category-poranki-logopedyczne"],"_links":{"self":[{"href":"https:\/\/zsp16.wroclaw.pl\/p16wroclaw\/wp-json\/wp\/v2\/posts\/4681","targetHints":{"allow":["GET"]}}],"collection":[{"href":"https:\/\/zsp16.wroclaw.pl\/p16wroclaw\/wp-json\/wp\/v2\/posts"}],"about":[{"href":"https:\/\/zsp16.wroclaw.pl\/p16wroclaw\/wp-json\/wp\/v2\/types\/post"}],"author":[{"embeddable":true,"href":"https:\/\/zsp16.wroclaw.pl\/p16wroclaw\/wp-json\/wp\/v2\/users\/4"}],"replies":[{"embeddable":true,"href":"https:\/\/zsp16.wroclaw.pl\/p16wroclaw\/wp-json\/wp\/v2\/comments?post=4681"}],"version-history":[{"count":2,"href":"https:\/\/zsp16.wroclaw.pl\/p16wroclaw\/wp-json\/wp\/v2\/posts\/4681\/revisions"}],"predecessor-version":[{"id":4686,"href":"https:\/\/zsp16.wroclaw.pl\/p16wroclaw\/wp-json\/wp\/v2\/posts\/4681\/revisions\/4686"}],"wp:featuredmedia":[{"embeddable":true,"href":"https:\/\/zsp16.wroclaw.pl\/p16wroclaw\/wp-json\/wp\/v2\/media\/4683"}],"wp:attachment":[{"href":"https:\/\/zsp16.wroclaw.pl\/p16wroclaw\/wp-json\/wp\/v2\/media?parent=4681"}],"wp:term":[{"taxonomy":"category","embeddable":true,"href":"https:\/\/zsp16.wroclaw.pl\/p16wroclaw\/wp-json\/wp\/v2\/categories?post=4681"},{"taxonomy":"post_tag","embeddable":true,"href":"https:\/\/zsp16.wroclaw.pl\/p16wroclaw\/wp-json\/wp\/v2\/tags?post=4681"}],"curies":[{"name":"wp","href":"https:\/\/api.w.org\/{rel}","templated":true}]}}