{"id":4701,"date":"2026-04-21T18:02:31","date_gmt":"2026-04-21T16:02:31","guid":{"rendered":"https:\/\/zsp16.wroclaw.pl\/p16wroclaw\/?p=4701"},"modified":"2026-04-22T18:04:41","modified_gmt":"2026-04-22T16:04:41","slug":"dzien-kubusia-puchatka-w-grupie-i","status":"publish","type":"post","link":"https:\/\/zsp16.wroclaw.pl\/p16wroclaw\/2026\/04\/21\/dzien-kubusia-puchatka-w-grupie-i\/","title":{"rendered":"Dzie\u0144 Kubusia Puchatka w grupie I"},"content":{"rendered":"<p style=\"font-weight: 400;\">16 stycznia w naszym przedszkolu obchodzili\u015bmy radosny Dzie\u0144 Kubusia Puchatka, kt\u00f3ry dostarczy\u0142 dzieciom z grupy I wielu wspania\u0142ych wra\u017ce\u0144 i u\u015bmiechu. By\u0142a to doskona\u0142a okazja do poznania bohater\u00f3w ze Stumilowego Lasu oraz wsp\u00f3lnej zabawy inspirowanej ich przygodami.<\/p>\n<p style=\"font-weight: 400;\">Przedszkolaki zapozna\u0142y si\u0119 z postaciami z bajki, takimi jak Kubu\u015b Puchatek, Prosiaczek, Tygrysek czy K\u0142apouchy, poznaj\u0105c ich cechy i przygody. Nast\u0119pnie dzieci wzi\u0119\u0142y udzia\u0142 w grze terenowej \u201e\u015aladami Kubusia Puchatka\u201d, podczas kt\u00f3rej rozwi\u0105zywa\u0142y r\u00f3\u017cnorodne zadania i zagadki zwi\u0105zane z bohaterami bajki. Zabawa dostarczy\u0142a wiele emocji, a jednocze\u015bnie rozwija\u0142a wsp\u00f3\u0142prac\u0119 i logiczne my\u015blenie.<\/p>\n<p style=\"font-weight: 400;\">Nie zabrak\u0142o r\u00f3wnie\u017c chwili wyciszenia \u2013 dzieci z zainteresowaniem wys\u0142ucha\u0142y s\u0142uchowiska o przygodach Kubusia Puchatka, przenosz\u0105c si\u0119 wyobra\u017ani\u0105 do magicznego \u015bwiata Stumilowego Lasu.<\/p>\n<p style=\"font-weight: 400;\">To by\u0142 dzie\u0144 pe\u0142en rado\u015bci, zabawy i niezapomnianych przyg\u00f3d, kt\u00f3ry na d\u0142ugo pozostanie w pami\u0119ci naszych przedszkolak\u00f3w.<\/p>\n<p><img loading=\"lazy\" decoding=\"async\" class=\"alignnone size-medium wp-image-4702\" src=\"http:\/\/zsp16.wroclaw.pl\/p16wroclaw\/wp-content\/uploads\/2026\/04\/obraz_2026-04-22_180351030-225x300.png\" alt=\"\" width=\"225\" height=\"300\" srcset=\"https:\/\/zsp16.wroclaw.pl\/p16wroclaw\/wp-content\/uploads\/2026\/04\/obraz_2026-04-22_180351030-225x300.png 225w, https:\/\/zsp16.wroclaw.pl\/p16wroclaw\/wp-content\/uploads\/2026\/04\/obraz_2026-04-22_180351030.png 450w\" sizes=\"auto, (max-width: 225px) 100vw, 225px\" \/> <img loading=\"lazy\" decoding=\"async\" class=\"alignnone size-medium wp-image-4703\" src=\"http:\/\/zsp16.wroclaw.pl\/p16wroclaw\/wp-content\/uploads\/2026\/04\/IMG_7144-223x300.png\" alt=\"\" width=\"223\" height=\"300\" srcset=\"https:\/\/zsp16.wroclaw.pl\/p16wroclaw\/wp-content\/uploads\/2026\/04\/IMG_7144-223x300.png 223w, https:\/\/zsp16.wroclaw.pl\/p16wroclaw\/wp-content\/uploads\/2026\/04\/IMG_7144-760x1024.png 760w, https:\/\/zsp16.wroclaw.pl\/p16wroclaw\/wp-content\/uploads\/2026\/04\/IMG_7144-768x1034.png 768w, https:\/\/zsp16.wroclaw.pl\/p16wroclaw\/wp-content\/uploads\/2026\/04\/IMG_7144-1140x1536.png 1140w, https:\/\/zsp16.wroclaw.pl\/p16wroclaw\/wp-content\/uploads\/2026\/04\/IMG_7144-1521x2048.png 1521w, https:\/\/zsp16.wroclaw.pl\/p16wroclaw\/wp-content\/uploads\/2026\/04\/IMG_7144-scaled.png 1901w\" sizes=\"auto, (max-width: 223px) 100vw, 223px\" \/> <img loading=\"lazy\" decoding=\"async\" class=\"alignnone size-medium wp-image-4704\" src=\"http:\/\/zsp16.wroclaw.pl\/p16wroclaw\/wp-content\/uploads\/2026\/04\/IMG_7137-300x225.jpg\" alt=\"\" width=\"300\" height=\"225\" srcset=\"https:\/\/zsp16.wroclaw.pl\/p16wroclaw\/wp-content\/uploads\/2026\/04\/IMG_7137-300x225.jpg 300w, https:\/\/zsp16.wroclaw.pl\/p16wroclaw\/wp-content\/uploads\/2026\/04\/IMG_7137-1024x768.jpg 1024w, https:\/\/zsp16.wroclaw.pl\/p16wroclaw\/wp-content\/uploads\/2026\/04\/IMG_7137-768x576.jpg 768w, https:\/\/zsp16.wroclaw.pl\/p16wroclaw\/wp-content\/uploads\/2026\/04\/IMG_7137-1536x1152.jpg 1536w, https:\/\/zsp16.wroclaw.pl\/p16wroclaw\/wp-content\/uploads\/2026\/04\/IMG_7137-2048x1536.jpg 2048w\" sizes=\"auto, (max-width: 300px) 100vw, 300px\" \/><\/p>\n","protected":false},"excerpt":{"rendered":"<p>16 stycznia w naszym przedszkolu obchodzili\u015bmy radosny Dzie\u0144 Kubusia Puchatka, kt\u00f3ry dostarczy\u0142 dzieciom z grupy I wielu wspania\u0142ych wra\u017ce\u0144 i u\u015bmiechu. By\u0142a to doskona\u0142a okazja do poznania bohater\u00f3w ze Stumilowego&hellip;<\/p>\n","protected":false},"author":6,"featured_media":4704,"comment_status":"closed","ping_status":"closed","sticky":false,"template":"","format":"standard","meta":{"footnotes":""},"categories":[11,19],"tags":[],"class_list":["post-4701","post","type-post","status-publish","format-standard","has-post-thumbnail","hentry","category-aktualnosci","category-wydarzylo-sie"],"_links":{"self":[{"href":"https:\/\/zsp16.wroclaw.pl\/p16wroclaw\/wp-json\/wp\/v2\/posts\/4701","targetHints":{"allow":["GET"]}}],"collection":[{"href":"https:\/\/zsp16.wroclaw.pl\/p16wroclaw\/wp-json\/wp\/v2\/posts"}],"about":[{"href":"https:\/\/zsp16.wroclaw.pl\/p16wroclaw\/wp-json\/wp\/v2\/types\/post"}],"author":[{"embeddable":true,"href":"https:\/\/zsp16.wroclaw.pl\/p16wroclaw\/wp-json\/wp\/v2\/users\/6"}],"replies":[{"embeddable":true,"href":"https:\/\/zsp16.wroclaw.pl\/p16wroclaw\/wp-json\/wp\/v2\/comments?post=4701"}],"version-history":[{"count":1,"href":"https:\/\/zsp16.wroclaw.pl\/p16wroclaw\/wp-json\/wp\/v2\/posts\/4701\/revisions"}],"predecessor-version":[{"id":4705,"href":"https:\/\/zsp16.wroclaw.pl\/p16wroclaw\/wp-json\/wp\/v2\/posts\/4701\/revisions\/4705"}],"wp:featuredmedia":[{"embeddable":true,"href":"https:\/\/zsp16.wroclaw.pl\/p16wroclaw\/wp-json\/wp\/v2\/media\/4704"}],"wp:attachment":[{"href":"https:\/\/zsp16.wroclaw.pl\/p16wroclaw\/wp-json\/wp\/v2\/media?parent=4701"}],"wp:term":[{"taxonomy":"category","embeddable":true,"href":"https:\/\/zsp16.wroclaw.pl\/p16wroclaw\/wp-json\/wp\/v2\/categories?post=4701"},{"taxonomy":"post_tag","embeddable":true,"href":"https:\/\/zsp16.wroclaw.pl\/p16wroclaw\/wp-json\/wp\/v2\/tags?post=4701"}],"curies":[{"name":"wp","href":"https:\/\/api.w.org\/{rel}","templated":true}]}}