{"id":4706,"date":"2026-04-21T18:04:44","date_gmt":"2026-04-21T16:04:44","guid":{"rendered":"https:\/\/zsp16.wroclaw.pl\/p16wroclaw\/?p=4706"},"modified":"2026-04-22T18:06:27","modified_gmt":"2026-04-22T16:06:27","slug":"bal-karnawalowy-w-grupie-i","status":"publish","type":"post","link":"https:\/\/zsp16.wroclaw.pl\/p16wroclaw\/2026\/04\/21\/bal-karnawalowy-w-grupie-i\/","title":{"rendered":"Bal Karnawa\u0142owy w grupie I"},"content":{"rendered":"<p style=\"font-weight: 400;\">W styczniu w naszym przedszkolu odby\u0142 si\u0119 d\u0142ugo wyczekiwany Bal Karnawa\u0142owy, kt\u00f3ry dostarczy\u0142 dzieciom wielu radosnych chwil i niezapomnianych wra\u017ce\u0144.<\/p>\n<p style=\"font-weight: 400;\">Przedszkolaki z grupy I wraz z reszt\u0105 grup przedszkolnych wzi\u0119\u0142y udzia\u0142 w weso\u0142ej zabawie muzyczno-tanecznej, podczas kt\u00f3rej nie brakowa\u0142o ulubionej muzyki, ta\u0144c\u00f3w oraz wsp\u00f3lnych animacji. Kolorowe stroje i przebrania sprawi\u0142y, \u017ce sala zamieni\u0142a si\u0119 w prawdziw\u0105 krain\u0119 zabawy i fantazji.<\/p>\n<p style=\"font-weight: 400;\">Dzieci mia\u0142y r\u00f3wnie\u017c okazj\u0119 uczestniczy\u0107 w sesji zdj\u0119ciowej, dzi\u0119ki kt\u00f3rej uwieczniono te wyj\u0105tkowe chwile. W przerwach mi\u0119dzy zabawami na przedszkolak\u00f3w czeka\u0142 w sali zdrowy pocz\u0119stunek, zapewniony przez rodzic\u00f3w.<\/p>\n<p style=\"font-weight: 400;\">Bal Karnawa\u0142owy by\u0142 pe\u0142en u\u015bmiechu, rado\u015bci i wsp\u00f3lnej zabawy, a jego wyj\u0105tkowa atmosfera na d\u0142ugo pozostanie w pami\u0119ci dzieci.<\/p>\n<p><img loading=\"lazy\" decoding=\"async\" class=\"alignnone size-medium wp-image-4707\" src=\"http:\/\/zsp16.wroclaw.pl\/p16wroclaw\/wp-content\/uploads\/2026\/04\/IMG_7234-225x300.jpg\" alt=\"\" width=\"225\" height=\"300\" srcset=\"https:\/\/zsp16.wroclaw.pl\/p16wroclaw\/wp-content\/uploads\/2026\/04\/IMG_7234-225x300.jpg 225w, https:\/\/zsp16.wroclaw.pl\/p16wroclaw\/wp-content\/uploads\/2026\/04\/IMG_7234-768x1024.jpg 768w, https:\/\/zsp16.wroclaw.pl\/p16wroclaw\/wp-content\/uploads\/2026\/04\/IMG_7234-1152x1536.jpg 1152w, https:\/\/zsp16.wroclaw.pl\/p16wroclaw\/wp-content\/uploads\/2026\/04\/IMG_7234-1536x2048.jpg 1536w, https:\/\/zsp16.wroclaw.pl\/p16wroclaw\/wp-content\/uploads\/2026\/04\/IMG_7234-scaled.jpg 1920w\" sizes=\"auto, (max-width: 225px) 100vw, 225px\" \/> <img loading=\"lazy\" decoding=\"async\" class=\"alignnone size-medium wp-image-4708\" src=\"http:\/\/zsp16.wroclaw.pl\/p16wroclaw\/wp-content\/uploads\/2026\/04\/IMG_7219-300x225.jpg\" alt=\"\" width=\"300\" height=\"225\" srcset=\"https:\/\/zsp16.wroclaw.pl\/p16wroclaw\/wp-content\/uploads\/2026\/04\/IMG_7219-300x225.jpg 300w, https:\/\/zsp16.wroclaw.pl\/p16wroclaw\/wp-content\/uploads\/2026\/04\/IMG_7219-1024x768.jpg 1024w, https:\/\/zsp16.wroclaw.pl\/p16wroclaw\/wp-content\/uploads\/2026\/04\/IMG_7219-768x576.jpg 768w, https:\/\/zsp16.wroclaw.pl\/p16wroclaw\/wp-content\/uploads\/2026\/04\/IMG_7219-1536x1152.jpg 1536w, https:\/\/zsp16.wroclaw.pl\/p16wroclaw\/wp-content\/uploads\/2026\/04\/IMG_7219-2048x1536.jpg 2048w\" sizes=\"auto, (max-width: 300px) 100vw, 300px\" \/> <img loading=\"lazy\" decoding=\"async\" class=\"alignnone size-medium wp-image-4709\" src=\"http:\/\/zsp16.wroclaw.pl\/p16wroclaw\/wp-content\/uploads\/2026\/04\/IMG_7233-225x300.jpg\" alt=\"\" width=\"225\" height=\"300\" srcset=\"https:\/\/zsp16.wroclaw.pl\/p16wroclaw\/wp-content\/uploads\/2026\/04\/IMG_7233-225x300.jpg 225w, https:\/\/zsp16.wroclaw.pl\/p16wroclaw\/wp-content\/uploads\/2026\/04\/IMG_7233-768x1024.jpg 768w, https:\/\/zsp16.wroclaw.pl\/p16wroclaw\/wp-content\/uploads\/2026\/04\/IMG_7233-1152x1536.jpg 1152w, https:\/\/zsp16.wroclaw.pl\/p16wroclaw\/wp-content\/uploads\/2026\/04\/IMG_7233-1536x2048.jpg 1536w, https:\/\/zsp16.wroclaw.pl\/p16wroclaw\/wp-content\/uploads\/2026\/04\/IMG_7233-scaled.jpg 1920w\" sizes=\"auto, (max-width: 225px) 100vw, 225px\" \/> <img loading=\"lazy\" decoding=\"async\" class=\"alignnone size-medium wp-image-4710\" src=\"http:\/\/zsp16.wroclaw.pl\/p16wroclaw\/wp-content\/uploads\/2026\/04\/IMG_7224-225x300.jpg\" alt=\"\" width=\"225\" height=\"300\" srcset=\"https:\/\/zsp16.wroclaw.pl\/p16wroclaw\/wp-content\/uploads\/2026\/04\/IMG_7224-225x300.jpg 225w, https:\/\/zsp16.wroclaw.pl\/p16wroclaw\/wp-content\/uploads\/2026\/04\/IMG_7224-768x1024.jpg 768w, https:\/\/zsp16.wroclaw.pl\/p16wroclaw\/wp-content\/uploads\/2026\/04\/IMG_7224-1152x1536.jpg 1152w, https:\/\/zsp16.wroclaw.pl\/p16wroclaw\/wp-content\/uploads\/2026\/04\/IMG_7224-1536x2048.jpg 1536w, https:\/\/zsp16.wroclaw.pl\/p16wroclaw\/wp-content\/uploads\/2026\/04\/IMG_7224-scaled.jpg 1920w\" sizes=\"auto, (max-width: 225px) 100vw, 225px\" \/><\/p>\n","protected":false},"excerpt":{"rendered":"<p>W styczniu w naszym przedszkolu odby\u0142 si\u0119 d\u0142ugo wyczekiwany Bal Karnawa\u0142owy, kt\u00f3ry dostarczy\u0142 dzieciom wielu radosnych chwil i niezapomnianych wra\u017ce\u0144. Przedszkolaki z grupy I wraz z reszt\u0105 grup przedszkolnych wzi\u0119\u0142y&hellip;<\/p>\n","protected":false},"author":6,"featured_media":4708,"comment_status":"closed","ping_status":"closed","sticky":false,"template":"","format":"standard","meta":{"footnotes":""},"categories":[11,19],"tags":[],"class_list":["post-4706","post","type-post","status-publish","format-standard","has-post-thumbnail","hentry","category-aktualnosci","category-wydarzylo-sie"],"_links":{"self":[{"href":"https:\/\/zsp16.wroclaw.pl\/p16wroclaw\/wp-json\/wp\/v2\/posts\/4706","targetHints":{"allow":["GET"]}}],"collection":[{"href":"https:\/\/zsp16.wroclaw.pl\/p16wroclaw\/wp-json\/wp\/v2\/posts"}],"about":[{"href":"https:\/\/zsp16.wroclaw.pl\/p16wroclaw\/wp-json\/wp\/v2\/types\/post"}],"author":[{"embeddable":true,"href":"https:\/\/zsp16.wroclaw.pl\/p16wroclaw\/wp-json\/wp\/v2\/users\/6"}],"replies":[{"embeddable":true,"href":"https:\/\/zsp16.wroclaw.pl\/p16wroclaw\/wp-json\/wp\/v2\/comments?post=4706"}],"version-history":[{"count":1,"href":"https:\/\/zsp16.wroclaw.pl\/p16wroclaw\/wp-json\/wp\/v2\/posts\/4706\/revisions"}],"predecessor-version":[{"id":4711,"href":"https:\/\/zsp16.wroclaw.pl\/p16wroclaw\/wp-json\/wp\/v2\/posts\/4706\/revisions\/4711"}],"wp:featuredmedia":[{"embeddable":true,"href":"https:\/\/zsp16.wroclaw.pl\/p16wroclaw\/wp-json\/wp\/v2\/media\/4708"}],"wp:attachment":[{"href":"https:\/\/zsp16.wroclaw.pl\/p16wroclaw\/wp-json\/wp\/v2\/media?parent=4706"}],"wp:term":[{"taxonomy":"category","embeddable":true,"href":"https:\/\/zsp16.wroclaw.pl\/p16wroclaw\/wp-json\/wp\/v2\/categories?post=4706"},{"taxonomy":"post_tag","embeddable":true,"href":"https:\/\/zsp16.wroclaw.pl\/p16wroclaw\/wp-json\/wp\/v2\/tags?post=4706"}],"curies":[{"name":"wp","href":"https:\/\/api.w.org\/{rel}","templated":true}]}}