{"id":4712,"date":"2026-04-21T18:06:31","date_gmt":"2026-04-21T16:06:31","guid":{"rendered":"https:\/\/zsp16.wroclaw.pl\/p16wroclaw\/?p=4712"},"modified":"2026-04-22T18:07:57","modified_gmt":"2026-04-22T16:07:57","slug":"akcja-spoleczna-kartka-dla-babci-i-dziadka-w-grupie-i","status":"publish","type":"post","link":"https:\/\/zsp16.wroclaw.pl\/p16wroclaw\/2026\/04\/21\/akcja-spoleczna-kartka-dla-babci-i-dziadka-w-grupie-i\/","title":{"rendered":"Akcja spo\u0142eczna \u201eKartka dla Babci i Dziadka\u201d w grupie I"},"content":{"rendered":"<p style=\"font-weight: 400;\">Dzieci z grupy I wzi\u0119\u0142y udzia\u0142 w wyj\u0105tkowej akcji spo\u0142ecznej \u201eKartka dla Babci i Dziadka\u201d, kt\u00f3rej celem by\u0142o okazanie pami\u0119ci i serdeczno\u015bci osobom starszym.<\/p>\n<p style=\"font-weight: 400;\">Przedszkolaki, we wsp\u00f3\u0142pracy z uczniami klasy 1 C, z zaanga\u017cowaniem przygotowa\u0142y pi\u0119kne, w\u0142asnor\u0119cznie wykonane kartki z okazji Dnia Babci i Dziadka. Ka\u017cda z nich by\u0142a wyj\u0105tkowa i pe\u0142na ciep\u0142ych \u017cycze\u0144.<\/p>\n<p style=\"font-weight: 400;\">Wykonane prace zosta\u0142y przekazane seniorom z Dom Opieki Seniora Rezydencja Park Opieka i Komfort, sprawiaj\u0105c im wiele rado\u015bci i wzruszenia.<\/p>\n<p style=\"font-weight: 400;\">Udzia\u0142 w akcji by\u0142 dla dzieci wa\u017cn\u0105 lekcj\u0105 empatii, wra\u017cliwo\u015bci oraz szacunku dla os\u00f3b starszych. To pi\u0119kne do\u015bwiadczenie pokaza\u0142o, jak niewielki gest mo\u017ce wywo\u0142a\u0107 wielk\u0105 rado\u015b\u0107.<\/p>\n<p><img loading=\"lazy\" decoding=\"async\" class=\"alignnone size-medium wp-image-4713\" src=\"http:\/\/zsp16.wroclaw.pl\/p16wroclaw\/wp-content\/uploads\/2026\/04\/WhatsApp-Image-2026-04-09-at-13.28.23-225x300.jpeg\" alt=\"\" width=\"225\" height=\"300\" srcset=\"https:\/\/zsp16.wroclaw.pl\/p16wroclaw\/wp-content\/uploads\/2026\/04\/WhatsApp-Image-2026-04-09-at-13.28.23-225x300.jpeg 225w, https:\/\/zsp16.wroclaw.pl\/p16wroclaw\/wp-content\/uploads\/2026\/04\/WhatsApp-Image-2026-04-09-at-13.28.23-768x1024.jpeg 768w, https:\/\/zsp16.wroclaw.pl\/p16wroclaw\/wp-content\/uploads\/2026\/04\/WhatsApp-Image-2026-04-09-at-13.28.23-1152x1536.jpeg 1152w, https:\/\/zsp16.wroclaw.pl\/p16wroclaw\/wp-content\/uploads\/2026\/04\/WhatsApp-Image-2026-04-09-at-13.28.23.jpeg 1200w\" sizes=\"auto, (max-width: 225px) 100vw, 225px\" \/><\/p>\n","protected":false},"excerpt":{"rendered":"<p>Dzieci z grupy I wzi\u0119\u0142y udzia\u0142 w wyj\u0105tkowej akcji spo\u0142ecznej \u201eKartka dla Babci i Dziadka\u201d, kt\u00f3rej celem by\u0142o okazanie pami\u0119ci i serdeczno\u015bci osobom starszym. Przedszkolaki, we wsp\u00f3\u0142pracy z uczniami klasy&hellip;<\/p>\n","protected":false},"author":6,"featured_media":4713,"comment_status":"closed","ping_status":"closed","sticky":false,"template":"","format":"standard","meta":{"footnotes":""},"categories":[11,19],"tags":[],"class_list":["post-4712","post","type-post","status-publish","format-standard","has-post-thumbnail","hentry","category-aktualnosci","category-wydarzylo-sie"],"_links":{"self":[{"href":"https:\/\/zsp16.wroclaw.pl\/p16wroclaw\/wp-json\/wp\/v2\/posts\/4712","targetHints":{"allow":["GET"]}}],"collection":[{"href":"https:\/\/zsp16.wroclaw.pl\/p16wroclaw\/wp-json\/wp\/v2\/posts"}],"about":[{"href":"https:\/\/zsp16.wroclaw.pl\/p16wroclaw\/wp-json\/wp\/v2\/types\/post"}],"author":[{"embeddable":true,"href":"https:\/\/zsp16.wroclaw.pl\/p16wroclaw\/wp-json\/wp\/v2\/users\/6"}],"replies":[{"embeddable":true,"href":"https:\/\/zsp16.wroclaw.pl\/p16wroclaw\/wp-json\/wp\/v2\/comments?post=4712"}],"version-history":[{"count":1,"href":"https:\/\/zsp16.wroclaw.pl\/p16wroclaw\/wp-json\/wp\/v2\/posts\/4712\/revisions"}],"predecessor-version":[{"id":4714,"href":"https:\/\/zsp16.wroclaw.pl\/p16wroclaw\/wp-json\/wp\/v2\/posts\/4712\/revisions\/4714"}],"wp:featuredmedia":[{"embeddable":true,"href":"https:\/\/zsp16.wroclaw.pl\/p16wroclaw\/wp-json\/wp\/v2\/media\/4713"}],"wp:attachment":[{"href":"https:\/\/zsp16.wroclaw.pl\/p16wroclaw\/wp-json\/wp\/v2\/media?parent=4712"}],"wp:term":[{"taxonomy":"category","embeddable":true,"href":"https:\/\/zsp16.wroclaw.pl\/p16wroclaw\/wp-json\/wp\/v2\/categories?post=4712"},{"taxonomy":"post_tag","embeddable":true,"href":"https:\/\/zsp16.wroclaw.pl\/p16wroclaw\/wp-json\/wp\/v2\/tags?post=4712"}],"curies":[{"name":"wp","href":"https:\/\/api.w.org\/{rel}","templated":true}]}}