{"id":4715,"date":"2026-04-21T18:07:59","date_gmt":"2026-04-21T16:07:59","guid":{"rendered":"https:\/\/zsp16.wroclaw.pl\/p16wroclaw\/?p=4715"},"modified":"2026-04-22T18:09:45","modified_gmt":"2026-04-22T16:09:45","slug":"projekt-tecza-zmyslow-kolor-zielony-w-grupie-i","status":"publish","type":"post","link":"https:\/\/zsp16.wroclaw.pl\/p16wroclaw\/2026\/04\/21\/projekt-tecza-zmyslow-kolor-zielony-w-grupie-i\/","title":{"rendered":"Projekt \u201eT\u0119cza Zmys\u0142\u00f3w\u201d \u2013 kolor zielony w grupie I"},"content":{"rendered":"<p style=\"font-weight: 400;\">W styczniu w ramach realizacji autorskiego projektu edukacyjnego \u201eT\u0119cza Zmys\u0142\u00f3w\u201d przedszkolaki z grupy I uczestniczy\u0142y w kolejnych zaj\u0119ciach sensorycznych. Tym razem kolorem przewodnim by\u0142 zielony, kt\u00f3ry sta\u0142 si\u0119 inspiracj\u0105 do wielu ciekawych dzia\u0142a\u0144 i odkry\u0107.<\/p>\n<p style=\"font-weight: 400;\">Dzieci mia\u0142y okazj\u0119 poznawa\u0107 r\u00f3\u017cnorodne zielone produkty oraz masy plastyczne, anga\u017cuj\u0105c przy tym zmys\u0142 dotyku, wzroku, w\u0119chu, a nawet smaku. Przedszkolaki ugniata\u0142y, miesza\u0142y, przesypywa\u0142y i formowa\u0142y, odkrywaj\u0105c nowe faktury oraz zapachy. W trakcie zaj\u0119\u0107 nie zabrak\u0142o r\u00f3wnie\u017c rozm\u00f3w o przyrodzie oraz tym, co kojarzy si\u0119 z kolorem zielonym \u2013 ro\u015blinami, warzywami i natur\u0105.<\/p>\n<p style=\"font-weight: 400;\">Zabawy sensoryczne dostarczy\u0142y dzieciom wielu pozytywnych wra\u017ce\u0144, rozwija\u0142y motoryk\u0119 ma\u0142\u0105, koncentracj\u0119 oraz kreatywno\u015b\u0107. Zaj\u0119cia przebiega\u0142y w atmosferze rado\u015bci i swobodnej eksploracji, a dzieci z du\u017cym zaanga\u017cowaniem uczestniczy\u0142y w proponowanych aktywno\u015bciach.<\/p>\n<p style=\"font-weight: 400;\">Realizacja projektu \u201eT\u0119cza Zmys\u0142\u00f3w\u201d wspiera wszechstronny rozw\u00f3j przedszkolak\u00f3w i sprawia, \u017ce nauka poprzez do\u015bwiadczenie staje si\u0119 dla nich prawdziw\u0105 przyjemno\u015bci\u0105.<\/p>\n<p><img loading=\"lazy\" decoding=\"async\" class=\"alignnone size-medium wp-image-4716\" src=\"http:\/\/zsp16.wroclaw.pl\/p16wroclaw\/wp-content\/uploads\/2026\/04\/IMG_7333-218x300.jpg\" alt=\"\" width=\"218\" height=\"300\" srcset=\"https:\/\/zsp16.wroclaw.pl\/p16wroclaw\/wp-content\/uploads\/2026\/04\/IMG_7333-218x300.jpg 218w, https:\/\/zsp16.wroclaw.pl\/p16wroclaw\/wp-content\/uploads\/2026\/04\/IMG_7333-744x1024.jpg 744w, https:\/\/zsp16.wroclaw.pl\/p16wroclaw\/wp-content\/uploads\/2026\/04\/IMG_7333-768x1057.jpg 768w, https:\/\/zsp16.wroclaw.pl\/p16wroclaw\/wp-content\/uploads\/2026\/04\/IMG_7333-1116x1536.jpg 1116w, https:\/\/zsp16.wroclaw.pl\/p16wroclaw\/wp-content\/uploads\/2026\/04\/IMG_7333-1488x2048.jpg 1488w, https:\/\/zsp16.wroclaw.pl\/p16wroclaw\/wp-content\/uploads\/2026\/04\/IMG_7333-scaled.jpg 1860w\" sizes=\"auto, (max-width: 218px) 100vw, 218px\" \/> <img loading=\"lazy\" decoding=\"async\" class=\"alignnone size-medium wp-image-4717\" src=\"http:\/\/zsp16.wroclaw.pl\/p16wroclaw\/wp-content\/uploads\/2026\/04\/IMG_7327-225x300.jpg\" alt=\"\" width=\"225\" height=\"300\" srcset=\"https:\/\/zsp16.wroclaw.pl\/p16wroclaw\/wp-content\/uploads\/2026\/04\/IMG_7327-225x300.jpg 225w, https:\/\/zsp16.wroclaw.pl\/p16wroclaw\/wp-content\/uploads\/2026\/04\/IMG_7327-768x1024.jpg 768w, https:\/\/zsp16.wroclaw.pl\/p16wroclaw\/wp-content\/uploads\/2026\/04\/IMG_7327-1152x1536.jpg 1152w, https:\/\/zsp16.wroclaw.pl\/p16wroclaw\/wp-content\/uploads\/2026\/04\/IMG_7327-1536x2048.jpg 1536w, https:\/\/zsp16.wroclaw.pl\/p16wroclaw\/wp-content\/uploads\/2026\/04\/IMG_7327-scaled.jpg 1920w\" sizes=\"auto, (max-width: 225px) 100vw, 225px\" \/> <img loading=\"lazy\" decoding=\"async\" class=\"alignnone size-medium wp-image-4718\" src=\"http:\/\/zsp16.wroclaw.pl\/p16wroclaw\/wp-content\/uploads\/2026\/04\/ef273bae-b7ce-436f-8fd4-db00358d58d7-240x300.jpg\" alt=\"\" width=\"240\" height=\"300\" srcset=\"https:\/\/zsp16.wroclaw.pl\/p16wroclaw\/wp-content\/uploads\/2026\/04\/ef273bae-b7ce-436f-8fd4-db00358d58d7-240x300.jpg 240w, https:\/\/zsp16.wroclaw.pl\/p16wroclaw\/wp-content\/uploads\/2026\/04\/ef273bae-b7ce-436f-8fd4-db00358d58d7-820x1024.jpg 820w, https:\/\/zsp16.wroclaw.pl\/p16wroclaw\/wp-content\/uploads\/2026\/04\/ef273bae-b7ce-436f-8fd4-db00358d58d7-768x959.jpg 768w, https:\/\/zsp16.wroclaw.pl\/p16wroclaw\/wp-content\/uploads\/2026\/04\/ef273bae-b7ce-436f-8fd4-db00358d58d7-1230x1536.jpg 1230w, https:\/\/zsp16.wroclaw.pl\/p16wroclaw\/wp-content\/uploads\/2026\/04\/ef273bae-b7ce-436f-8fd4-db00358d58d7-1639x2048.jpg 1639w\" sizes=\"auto, (max-width: 240px) 100vw, 240px\" \/> <img loading=\"lazy\" decoding=\"async\" class=\"alignnone size-medium wp-image-4719\" src=\"http:\/\/zsp16.wroclaw.pl\/p16wroclaw\/wp-content\/uploads\/2026\/04\/IMG_7316-225x300.jpg\" alt=\"\" width=\"225\" height=\"300\" srcset=\"https:\/\/zsp16.wroclaw.pl\/p16wroclaw\/wp-content\/uploads\/2026\/04\/IMG_7316-225x300.jpg 225w, https:\/\/zsp16.wroclaw.pl\/p16wroclaw\/wp-content\/uploads\/2026\/04\/IMG_7316-768x1024.jpg 768w, https:\/\/zsp16.wroclaw.pl\/p16wroclaw\/wp-content\/uploads\/2026\/04\/IMG_7316-1152x1536.jpg 1152w, https:\/\/zsp16.wroclaw.pl\/p16wroclaw\/wp-content\/uploads\/2026\/04\/IMG_7316-1536x2048.jpg 1536w, https:\/\/zsp16.wroclaw.pl\/p16wroclaw\/wp-content\/uploads\/2026\/04\/IMG_7316-scaled.jpg 1920w\" sizes=\"auto, (max-width: 225px) 100vw, 225px\" \/> <img loading=\"lazy\" decoding=\"async\" class=\"alignnone size-medium wp-image-4720\" src=\"http:\/\/zsp16.wroclaw.pl\/p16wroclaw\/wp-content\/uploads\/2026\/04\/IMG_7329-217x300.jpg\" alt=\"\" width=\"217\" height=\"300\" srcset=\"https:\/\/zsp16.wroclaw.pl\/p16wroclaw\/wp-content\/uploads\/2026\/04\/IMG_7329-217x300.jpg 217w, https:\/\/zsp16.wroclaw.pl\/p16wroclaw\/wp-content\/uploads\/2026\/04\/IMG_7329-741x1024.jpg 741w, https:\/\/zsp16.wroclaw.pl\/p16wroclaw\/wp-content\/uploads\/2026\/04\/IMG_7329-768x1061.jpg 768w, https:\/\/zsp16.wroclaw.pl\/p16wroclaw\/wp-content\/uploads\/2026\/04\/IMG_7329-1112x1536.jpg 1112w, https:\/\/zsp16.wroclaw.pl\/p16wroclaw\/wp-content\/uploads\/2026\/04\/IMG_7329-1482x2048.jpg 1482w, https:\/\/zsp16.wroclaw.pl\/p16wroclaw\/wp-content\/uploads\/2026\/04\/IMG_7329-scaled.jpg 1853w\" sizes=\"auto, (max-width: 217px) 100vw, 217px\" \/> <img loading=\"lazy\" decoding=\"async\" class=\"alignnone size-medium wp-image-4721\" src=\"http:\/\/zsp16.wroclaw.pl\/p16wroclaw\/wp-content\/uploads\/2026\/04\/3b86b4bf-9cc2-426c-afc8-9c95ac23f084-235x300.jpg\" alt=\"\" width=\"235\" height=\"300\" srcset=\"https:\/\/zsp16.wroclaw.pl\/p16wroclaw\/wp-content\/uploads\/2026\/04\/3b86b4bf-9cc2-426c-afc8-9c95ac23f084-235x300.jpg 235w, https:\/\/zsp16.wroclaw.pl\/p16wroclaw\/wp-content\/uploads\/2026\/04\/3b86b4bf-9cc2-426c-afc8-9c95ac23f084-801x1024.jpg 801w, https:\/\/zsp16.wroclaw.pl\/p16wroclaw\/wp-content\/uploads\/2026\/04\/3b86b4bf-9cc2-426c-afc8-9c95ac23f084-768x982.jpg 768w, https:\/\/zsp16.wroclaw.pl\/p16wroclaw\/wp-content\/uploads\/2026\/04\/3b86b4bf-9cc2-426c-afc8-9c95ac23f084-1201x1536.jpg 1201w, https:\/\/zsp16.wroclaw.pl\/p16wroclaw\/wp-content\/uploads\/2026\/04\/3b86b4bf-9cc2-426c-afc8-9c95ac23f084-1602x2048.jpg 1602w, https:\/\/zsp16.wroclaw.pl\/p16wroclaw\/wp-content\/uploads\/2026\/04\/3b86b4bf-9cc2-426c-afc8-9c95ac23f084-scaled.jpg 2002w\" sizes=\"auto, (max-width: 235px) 100vw, 235px\" \/><\/p>\n","protected":false},"excerpt":{"rendered":"<p>W styczniu w ramach realizacji autorskiego projektu edukacyjnego \u201eT\u0119cza Zmys\u0142\u00f3w\u201d przedszkolaki z grupy I uczestniczy\u0142y w kolejnych zaj\u0119ciach sensorycznych. Tym razem kolorem przewodnim by\u0142 zielony, kt\u00f3ry sta\u0142 si\u0119 inspiracj\u0105 do&hellip;<\/p>\n","protected":false},"author":6,"featured_media":4719,"comment_status":"closed","ping_status":"closed","sticky":false,"template":"","format":"standard","meta":{"footnotes":""},"categories":[11,19],"tags":[],"class_list":["post-4715","post","type-post","status-publish","format-standard","has-post-thumbnail","hentry","category-aktualnosci","category-wydarzylo-sie"],"_links":{"self":[{"href":"https:\/\/zsp16.wroclaw.pl\/p16wroclaw\/wp-json\/wp\/v2\/posts\/4715","targetHints":{"allow":["GET"]}}],"collection":[{"href":"https:\/\/zsp16.wroclaw.pl\/p16wroclaw\/wp-json\/wp\/v2\/posts"}],"about":[{"href":"https:\/\/zsp16.wroclaw.pl\/p16wroclaw\/wp-json\/wp\/v2\/types\/post"}],"author":[{"embeddable":true,"href":"https:\/\/zsp16.wroclaw.pl\/p16wroclaw\/wp-json\/wp\/v2\/users\/6"}],"replies":[{"embeddable":true,"href":"https:\/\/zsp16.wroclaw.pl\/p16wroclaw\/wp-json\/wp\/v2\/comments?post=4715"}],"version-history":[{"count":1,"href":"https:\/\/zsp16.wroclaw.pl\/p16wroclaw\/wp-json\/wp\/v2\/posts\/4715\/revisions"}],"predecessor-version":[{"id":4722,"href":"https:\/\/zsp16.wroclaw.pl\/p16wroclaw\/wp-json\/wp\/v2\/posts\/4715\/revisions\/4722"}],"wp:featuredmedia":[{"embeddable":true,"href":"https:\/\/zsp16.wroclaw.pl\/p16wroclaw\/wp-json\/wp\/v2\/media\/4719"}],"wp:attachment":[{"href":"https:\/\/zsp16.wroclaw.pl\/p16wroclaw\/wp-json\/wp\/v2\/media?parent=4715"}],"wp:term":[{"taxonomy":"category","embeddable":true,"href":"https:\/\/zsp16.wroclaw.pl\/p16wroclaw\/wp-json\/wp\/v2\/categories?post=4715"},{"taxonomy":"post_tag","embeddable":true,"href":"https:\/\/zsp16.wroclaw.pl\/p16wroclaw\/wp-json\/wp\/v2\/tags?post=4715"}],"curies":[{"name":"wp","href":"https:\/\/api.w.org\/{rel}","templated":true}]}}