{"id":4771,"date":"2026-04-21T18:27:22","date_gmt":"2026-04-21T16:27:22","guid":{"rendered":"https:\/\/zsp16.wroclaw.pl\/p16wroclaw\/?p=4771"},"modified":"2026-04-22T18:28:39","modified_gmt":"2026-04-22T16:28:39","slug":"pierwszy-dzien-wiosny-w-grupie-i","status":"publish","type":"post","link":"https:\/\/zsp16.wroclaw.pl\/p16wroclaw\/2026\/04\/21\/pierwszy-dzien-wiosny-w-grupie-i\/","title":{"rendered":"Pierwszy Dzie\u0144 Wiosny w grupie I"},"content":{"rendered":"<p style=\"font-weight: 400;\">23 marca w grupie I uroczy\u015bcie powitali\u015bmy pierwszy dzie\u0144 wiosny. By\u0142o to wyj\u0105tkowe wydarzenie, stanowi\u0105ce zwie\u0144czenie ca\u0142ego tygodnia, podczas kt\u00f3rego rozmawiali\u015bmy o wio\u015bnie, jej symbolach oraz pierwszych oznakach pojawiaj\u0105cych si\u0119 w przyrodzie.<\/p>\n<p style=\"font-weight: 400;\">Tego dnia przedszkolaki wybra\u0142y si\u0119 na spacer w okolicy przedszkola, aby wsp\u00f3lnie przywita\u0107 now\u0105 por\u0119 roku. Dzieci w r\u0119kach trzyma\u0142y kolorowe, balonowe kwiaty oraz dzwoneczki, a ich czapki ozdabia\u0142y barwne, wiosenne motyle.<\/p>\n<p style=\"font-weight: 400;\">Radosny, kolorowy poch\u00f3d z piosenk\u0105 na ustach przemierza\u0142 ulice nieopodal naszej plac\u00f3wki, wprowadzaj\u0105c wiosenn\u0105 atmosfer\u0119 i wywo\u0142uj\u0105c u\u015bmiechy na twarzach przechodni\u00f3w.<\/p>\n<p style=\"font-weight: 400;\">To by\u0142 dzie\u0144 pe\u0142en rado\u015bci, wsp\u00f3lnej zabawy i pozytywnej energii, kt\u00f3ry na d\u0142ugo pozostanie w pami\u0119ci dzieci.<\/p>\n<p><img loading=\"lazy\" decoding=\"async\" class=\"alignnone size-medium wp-image-4772\" src=\"http:\/\/zsp16.wroclaw.pl\/p16wroclaw\/wp-content\/uploads\/2026\/04\/IMG_8183-225x300.jpg\" alt=\"\" width=\"225\" height=\"300\" srcset=\"https:\/\/zsp16.wroclaw.pl\/p16wroclaw\/wp-content\/uploads\/2026\/04\/IMG_8183-225x300.jpg 225w, https:\/\/zsp16.wroclaw.pl\/p16wroclaw\/wp-content\/uploads\/2026\/04\/IMG_8183-767x1024.jpg 767w, https:\/\/zsp16.wroclaw.pl\/p16wroclaw\/wp-content\/uploads\/2026\/04\/IMG_8183-768x1025.jpg 768w, https:\/\/zsp16.wroclaw.pl\/p16wroclaw\/wp-content\/uploads\/2026\/04\/IMG_8183-1151x1536.jpg 1151w, https:\/\/zsp16.wroclaw.pl\/p16wroclaw\/wp-content\/uploads\/2026\/04\/IMG_8183-1535x2048.jpg 1535w, https:\/\/zsp16.wroclaw.pl\/p16wroclaw\/wp-content\/uploads\/2026\/04\/IMG_8183-scaled.jpg 1918w\" sizes=\"auto, (max-width: 225px) 100vw, 225px\" \/> <img loading=\"lazy\" decoding=\"async\" class=\"alignnone size-medium wp-image-4773\" src=\"http:\/\/zsp16.wroclaw.pl\/p16wroclaw\/wp-content\/uploads\/2026\/04\/IMG_8190-300x206.jpg\" alt=\"\" width=\"300\" height=\"206\" srcset=\"https:\/\/zsp16.wroclaw.pl\/p16wroclaw\/wp-content\/uploads\/2026\/04\/IMG_8190-300x206.jpg 300w, https:\/\/zsp16.wroclaw.pl\/p16wroclaw\/wp-content\/uploads\/2026\/04\/IMG_8190-1024x703.jpg 1024w, https:\/\/zsp16.wroclaw.pl\/p16wroclaw\/wp-content\/uploads\/2026\/04\/IMG_8190-768x527.jpg 768w, https:\/\/zsp16.wroclaw.pl\/p16wroclaw\/wp-content\/uploads\/2026\/04\/IMG_8190-1536x1054.jpg 1536w, https:\/\/zsp16.wroclaw.pl\/p16wroclaw\/wp-content\/uploads\/2026\/04\/IMG_8190-2048x1406.jpg 2048w\" sizes=\"auto, (max-width: 300px) 100vw, 300px\" \/> <img loading=\"lazy\" decoding=\"async\" class=\"alignnone size-medium wp-image-4774\" src=\"http:\/\/zsp16.wroclaw.pl\/p16wroclaw\/wp-content\/uploads\/2026\/04\/IMG_8186-224x300.jpg\" alt=\"\" width=\"224\" height=\"300\" srcset=\"https:\/\/zsp16.wroclaw.pl\/p16wroclaw\/wp-content\/uploads\/2026\/04\/IMG_8186-224x300.jpg 224w, https:\/\/zsp16.wroclaw.pl\/p16wroclaw\/wp-content\/uploads\/2026\/04\/IMG_8186-764x1024.jpg 764w, https:\/\/zsp16.wroclaw.pl\/p16wroclaw\/wp-content\/uploads\/2026\/04\/IMG_8186-768x1029.jpg 768w, https:\/\/zsp16.wroclaw.pl\/p16wroclaw\/wp-content\/uploads\/2026\/04\/IMG_8186-1147x1536.jpg 1147w, https:\/\/zsp16.wroclaw.pl\/p16wroclaw\/wp-content\/uploads\/2026\/04\/IMG_8186-1529x2048.jpg 1529w, https:\/\/zsp16.wroclaw.pl\/p16wroclaw\/wp-content\/uploads\/2026\/04\/IMG_8186-scaled.jpg 1911w\" sizes=\"auto, (max-width: 224px) 100vw, 224px\" \/><\/p>\n","protected":false},"excerpt":{"rendered":"<p>23 marca w grupie I uroczy\u015bcie powitali\u015bmy pierwszy dzie\u0144 wiosny. By\u0142o to wyj\u0105tkowe wydarzenie, stanowi\u0105ce zwie\u0144czenie ca\u0142ego tygodnia, podczas kt\u00f3rego rozmawiali\u015bmy o wio\u015bnie, jej symbolach oraz pierwszych oznakach pojawiaj\u0105cych si\u0119&hellip;<\/p>\n","protected":false},"author":6,"featured_media":4772,"comment_status":"closed","ping_status":"closed","sticky":false,"template":"","format":"standard","meta":{"footnotes":""},"categories":[11,19],"tags":[],"class_list":["post-4771","post","type-post","status-publish","format-standard","has-post-thumbnail","hentry","category-aktualnosci","category-wydarzylo-sie"],"_links":{"self":[{"href":"https:\/\/zsp16.wroclaw.pl\/p16wroclaw\/wp-json\/wp\/v2\/posts\/4771","targetHints":{"allow":["GET"]}}],"collection":[{"href":"https:\/\/zsp16.wroclaw.pl\/p16wroclaw\/wp-json\/wp\/v2\/posts"}],"about":[{"href":"https:\/\/zsp16.wroclaw.pl\/p16wroclaw\/wp-json\/wp\/v2\/types\/post"}],"author":[{"embeddable":true,"href":"https:\/\/zsp16.wroclaw.pl\/p16wroclaw\/wp-json\/wp\/v2\/users\/6"}],"replies":[{"embeddable":true,"href":"https:\/\/zsp16.wroclaw.pl\/p16wroclaw\/wp-json\/wp\/v2\/comments?post=4771"}],"version-history":[{"count":1,"href":"https:\/\/zsp16.wroclaw.pl\/p16wroclaw\/wp-json\/wp\/v2\/posts\/4771\/revisions"}],"predecessor-version":[{"id":4775,"href":"https:\/\/zsp16.wroclaw.pl\/p16wroclaw\/wp-json\/wp\/v2\/posts\/4771\/revisions\/4775"}],"wp:featuredmedia":[{"embeddable":true,"href":"https:\/\/zsp16.wroclaw.pl\/p16wroclaw\/wp-json\/wp\/v2\/media\/4772"}],"wp:attachment":[{"href":"https:\/\/zsp16.wroclaw.pl\/p16wroclaw\/wp-json\/wp\/v2\/media?parent=4771"}],"wp:term":[{"taxonomy":"category","embeddable":true,"href":"https:\/\/zsp16.wroclaw.pl\/p16wroclaw\/wp-json\/wp\/v2\/categories?post=4771"},{"taxonomy":"post_tag","embeddable":true,"href":"https:\/\/zsp16.wroclaw.pl\/p16wroclaw\/wp-json\/wp\/v2\/tags?post=4771"}],"curies":[{"name":"wp","href":"https:\/\/api.w.org\/{rel}","templated":true}]}}