{"id":4834,"date":"2026-04-23T16:36:01","date_gmt":"2026-04-23T14:36:01","guid":{"rendered":"https:\/\/zsp16.wroclaw.pl\/p16wroclaw\/?p=4834"},"modified":"2026-04-23T16:36:01","modified_gmt":"2026-04-23T14:36:01","slug":"pierwszy-dzien-wiosny","status":"publish","type":"post","link":"https:\/\/zsp16.wroclaw.pl\/p16wroclaw\/2026\/04\/23\/pierwszy-dzien-wiosny\/","title":{"rendered":"Pierwszy Dzie\u0144 Wiosny"},"content":{"rendered":"<p class=\"Textbody\">23 marca dzieci z grupy III uroczy\u015bcie powita\u0142y pierwszy dzie\u0144 wiosny. Tego dnia przedszkolaki wybra\u0142y si\u0119 na spacer do Parku Krzyckiego, aby wsp\u00f3lnie przywita\u0107 now\u0105 por\u0119 roku. Dzieci w r\u0119kach trzyma\u0142y kolorowe,ma\u0142e marzanny,kt\u00f3re wcze\u015bniej wykona\u0142y podczas zaj\u0119\u0107 oraz ga\u0142\u0105zki udekorowane kolorowymi pomponikami. Wsp\u00f3lnie wypatrywali\u015bmy pierwszych oznak wiosny. Podczas naszej w\u0119dr\u00f3wki \u015bpiewali\u015bmy piosenk\u0119 pt. \u201ePrzysz\u0142a wiosna\u201d. By\u0142 to dzie\u0144 przepe\u0142niony rado\u015bci\u0105, pozytywn\u0105 energi\u0105. Spacer \u201ew poszukiwaniu wiosny\u201d stanowi\u0142 zwie\u0144czenie ca\u0142ego tygodnia, kiedy to rozmawiali\u015bmy o wio\u015bnie, o zmianach w pogodzie wczesn\u0105 wiosn\u0105 i jej zwiastunach.<\/p>\n<p>&nbsp;<\/p>\n<p><img loading=\"lazy\" decoding=\"async\" class=\"alignnone size-medium wp-image-4836\" src=\"http:\/\/zsp16.wroclaw.pl\/p16wroclaw\/wp-content\/uploads\/2026\/04\/powitanie-wiosny2-225x300.jpg\" alt=\"\" width=\"225\" height=\"300\" srcset=\"https:\/\/zsp16.wroclaw.pl\/p16wroclaw\/wp-content\/uploads\/2026\/04\/powitanie-wiosny2-225x300.jpg 225w, https:\/\/zsp16.wroclaw.pl\/p16wroclaw\/wp-content\/uploads\/2026\/04\/powitanie-wiosny2-768x1024.jpg 768w, https:\/\/zsp16.wroclaw.pl\/p16wroclaw\/wp-content\/uploads\/2026\/04\/powitanie-wiosny2-1152x1536.jpg 1152w, https:\/\/zsp16.wroclaw.pl\/p16wroclaw\/wp-content\/uploads\/2026\/04\/powitanie-wiosny2-1536x2048.jpg 1536w, https:\/\/zsp16.wroclaw.pl\/p16wroclaw\/wp-content\/uploads\/2026\/04\/powitanie-wiosny2-scaled.jpg 1920w\" sizes=\"auto, (max-width: 225px) 100vw, 225px\" \/><\/p>\n<p><img loading=\"lazy\" decoding=\"async\" class=\"alignnone size-medium wp-image-4837\" src=\"http:\/\/zsp16.wroclaw.pl\/p16wroclaw\/wp-content\/uploads\/2026\/04\/powitanie-wiosny3-1-225x300.jpg\" alt=\"\" width=\"225\" height=\"300\" srcset=\"https:\/\/zsp16.wroclaw.pl\/p16wroclaw\/wp-content\/uploads\/2026\/04\/powitanie-wiosny3-1-225x300.jpg 225w, https:\/\/zsp16.wroclaw.pl\/p16wroclaw\/wp-content\/uploads\/2026\/04\/powitanie-wiosny3-1-768x1024.jpg 768w, https:\/\/zsp16.wroclaw.pl\/p16wroclaw\/wp-content\/uploads\/2026\/04\/powitanie-wiosny3-1-1152x1536.jpg 1152w, https:\/\/zsp16.wroclaw.pl\/p16wroclaw\/wp-content\/uploads\/2026\/04\/powitanie-wiosny3-1-1536x2048.jpg 1536w, https:\/\/zsp16.wroclaw.pl\/p16wroclaw\/wp-content\/uploads\/2026\/04\/powitanie-wiosny3-1-scaled.jpg 1920w\" sizes=\"auto, (max-width: 225px) 100vw, 225px\" \/><\/p>\n<p><img loading=\"lazy\" decoding=\"async\" class=\"alignnone size-medium wp-image-4835\" src=\"http:\/\/zsp16.wroclaw.pl\/p16wroclaw\/wp-content\/uploads\/2026\/04\/powitanie-wiosny1-225x300.jpg\" alt=\"\" width=\"225\" height=\"300\" srcset=\"https:\/\/zsp16.wroclaw.pl\/p16wroclaw\/wp-content\/uploads\/2026\/04\/powitanie-wiosny1-225x300.jpg 225w, https:\/\/zsp16.wroclaw.pl\/p16wroclaw\/wp-content\/uploads\/2026\/04\/powitanie-wiosny1-768x1024.jpg 768w, https:\/\/zsp16.wroclaw.pl\/p16wroclaw\/wp-content\/uploads\/2026\/04\/powitanie-wiosny1-1152x1536.jpg 1152w, https:\/\/zsp16.wroclaw.pl\/p16wroclaw\/wp-content\/uploads\/2026\/04\/powitanie-wiosny1-1536x2048.jpg 1536w, https:\/\/zsp16.wroclaw.pl\/p16wroclaw\/wp-content\/uploads\/2026\/04\/powitanie-wiosny1-scaled.jpg 1920w\" sizes=\"auto, (max-width: 225px) 100vw, 225px\" \/><\/p>\n","protected":false},"excerpt":{"rendered":"<p>23 marca dzieci z grupy III uroczy\u015bcie powita\u0142y pierwszy dzie\u0144 wiosny. Tego dnia przedszkolaki wybra\u0142y si\u0119 na spacer do Parku Krzyckiego, aby wsp\u00f3lnie przywita\u0107 now\u0105 por\u0119 roku. Dzieci w r\u0119kach&hellip;<\/p>\n","protected":false},"author":5,"featured_media":4835,"comment_status":"closed","ping_status":"closed","sticky":false,"template":"","format":"standard","meta":{"footnotes":""},"categories":[11,19],"tags":[],"class_list":["post-4834","post","type-post","status-publish","format-standard","has-post-thumbnail","hentry","category-aktualnosci","category-wydarzylo-sie"],"_links":{"self":[{"href":"https:\/\/zsp16.wroclaw.pl\/p16wroclaw\/wp-json\/wp\/v2\/posts\/4834","targetHints":{"allow":["GET"]}}],"collection":[{"href":"https:\/\/zsp16.wroclaw.pl\/p16wroclaw\/wp-json\/wp\/v2\/posts"}],"about":[{"href":"https:\/\/zsp16.wroclaw.pl\/p16wroclaw\/wp-json\/wp\/v2\/types\/post"}],"author":[{"embeddable":true,"href":"https:\/\/zsp16.wroclaw.pl\/p16wroclaw\/wp-json\/wp\/v2\/users\/5"}],"replies":[{"embeddable":true,"href":"https:\/\/zsp16.wroclaw.pl\/p16wroclaw\/wp-json\/wp\/v2\/comments?post=4834"}],"version-history":[{"count":1,"href":"https:\/\/zsp16.wroclaw.pl\/p16wroclaw\/wp-json\/wp\/v2\/posts\/4834\/revisions"}],"predecessor-version":[{"id":4838,"href":"https:\/\/zsp16.wroclaw.pl\/p16wroclaw\/wp-json\/wp\/v2\/posts\/4834\/revisions\/4838"}],"wp:featuredmedia":[{"embeddable":true,"href":"https:\/\/zsp16.wroclaw.pl\/p16wroclaw\/wp-json\/wp\/v2\/media\/4835"}],"wp:attachment":[{"href":"https:\/\/zsp16.wroclaw.pl\/p16wroclaw\/wp-json\/wp\/v2\/media?parent=4834"}],"wp:term":[{"taxonomy":"category","embeddable":true,"href":"https:\/\/zsp16.wroclaw.pl\/p16wroclaw\/wp-json\/wp\/v2\/categories?post=4834"},{"taxonomy":"post_tag","embeddable":true,"href":"https:\/\/zsp16.wroclaw.pl\/p16wroclaw\/wp-json\/wp\/v2\/tags?post=4834"}],"curies":[{"name":"wp","href":"https:\/\/api.w.org\/{rel}","templated":true}]}}