{"id":4842,"date":"2026-04-24T09:07:05","date_gmt":"2026-04-24T07:07:05","guid":{"rendered":"https:\/\/zsp16.wroclaw.pl\/p16wroclaw\/?p=4842"},"modified":"2026-04-24T09:07:36","modified_gmt":"2026-04-24T07:07:36","slug":"park-czarow","status":"publish","type":"post","link":"https:\/\/zsp16.wroclaw.pl\/p16wroclaw\/2026\/04\/24\/park-czarow\/","title":{"rendered":"Park Czar\u00f3w"},"content":{"rendered":"<div class=\"mceTemp\"><\/div>\n<p>8 kwietnia dzieci z grupy III wybra\u0142y si\u0119 do Radio i Telewizji, aby obejrze\u0107 musical pt. \u201ePark Czar\u00f3w\u201d dla dzieci przygotowany przez Wroc\u0142awski Teatr Edukacji In-Art. Spektakl zabra\u0142 dzieci do zaczarowanego \u015bwiata radosnych, kolorowych trolli, kt\u00f3re musia\u0142y zmierzy\u0107 si\u0119 ze z\u0142ym czarodziejem i jego stworami \u2013 Lenistwem, Strachem i Chciwo\u015bci\u0105. Barwna scenografia, muzyka i dynamiczna akcja po\u0142\u0105czone zosta\u0142y z wa\u017cnym przes\u0142aniem o odwadze, przyja\u017ani i wierze w marzenia. \u00a0Pe\u0142ne muzyki i humoru przedstawienie przenios\u0142o dzieci w \u015bwiat wyobra\u017ani i w pe\u0142n\u0105 emocji podr\u00f3\u017c \u2013 od rado\u015bci i ciekawo\u015bci, przez \u015bmiech, a\u017c po chwile napi\u0119cia i wzruszenia.<\/p>\n<p>&nbsp;<\/p>\n<p><img loading=\"lazy\" decoding=\"async\" class=\"alignnone size-medium wp-image-4845\" src=\"http:\/\/zsp16.wroclaw.pl\/p16wroclaw\/wp-content\/uploads\/2026\/04\/IMG20260408102921_00-225x300.jpg\" alt=\"\" width=\"225\" height=\"300\" srcset=\"https:\/\/zsp16.wroclaw.pl\/p16wroclaw\/wp-content\/uploads\/2026\/04\/IMG20260408102921_00-225x300.jpg 225w, https:\/\/zsp16.wroclaw.pl\/p16wroclaw\/wp-content\/uploads\/2026\/04\/IMG20260408102921_00-768x1024.jpg 768w, https:\/\/zsp16.wroclaw.pl\/p16wroclaw\/wp-content\/uploads\/2026\/04\/IMG20260408102921_00-1152x1536.jpg 1152w, https:\/\/zsp16.wroclaw.pl\/p16wroclaw\/wp-content\/uploads\/2026\/04\/IMG20260408102921_00-1536x2048.jpg 1536w, https:\/\/zsp16.wroclaw.pl\/p16wroclaw\/wp-content\/uploads\/2026\/04\/IMG20260408102921_00-scaled.jpg 1920w\" sizes=\"auto, (max-width: 225px) 100vw, 225px\" \/><\/p>\n<p><img loading=\"lazy\" decoding=\"async\" class=\"alignnone size-medium wp-image-4846\" src=\"http:\/\/zsp16.wroclaw.pl\/p16wroclaw\/wp-content\/uploads\/2026\/04\/IMG20260408102933_00-300x225.jpg\" alt=\"\" width=\"300\" height=\"225\" srcset=\"https:\/\/zsp16.wroclaw.pl\/p16wroclaw\/wp-content\/uploads\/2026\/04\/IMG20260408102933_00-300x225.jpg 300w, https:\/\/zsp16.wroclaw.pl\/p16wroclaw\/wp-content\/uploads\/2026\/04\/IMG20260408102933_00-1024x768.jpg 1024w, https:\/\/zsp16.wroclaw.pl\/p16wroclaw\/wp-content\/uploads\/2026\/04\/IMG20260408102933_00-768x576.jpg 768w, https:\/\/zsp16.wroclaw.pl\/p16wroclaw\/wp-content\/uploads\/2026\/04\/IMG20260408102933_00-1536x1152.jpg 1536w, https:\/\/zsp16.wroclaw.pl\/p16wroclaw\/wp-content\/uploads\/2026\/04\/IMG20260408102933_00-2048x1536.jpg 2048w\" sizes=\"auto, (max-width: 300px) 100vw, 300px\" \/><\/p>\n<p><img loading=\"lazy\" decoding=\"async\" class=\"size-medium wp-image-4844\" src=\"http:\/\/zsp16.wroclaw.pl\/p16wroclaw\/wp-content\/uploads\/2026\/04\/Park-Czarow-Lenistwo-300x210.png\" alt=\"\" width=\"300\" height=\"210\" srcset=\"https:\/\/zsp16.wroclaw.pl\/p16wroclaw\/wp-content\/uploads\/2026\/04\/Park-Czarow-Lenistwo-300x210.png 300w, https:\/\/zsp16.wroclaw.pl\/p16wroclaw\/wp-content\/uploads\/2026\/04\/Park-Czarow-Lenistwo-1024x715.png 1024w, https:\/\/zsp16.wroclaw.pl\/p16wroclaw\/wp-content\/uploads\/2026\/04\/Park-Czarow-Lenistwo-768x536.png 768w, https:\/\/zsp16.wroclaw.pl\/p16wroclaw\/wp-content\/uploads\/2026\/04\/Park-Czarow-Lenistwo-1536x1073.png 1536w, https:\/\/zsp16.wroclaw.pl\/p16wroclaw\/wp-content\/uploads\/2026\/04\/Park-Czarow-Lenistwo.png 1990w\" sizes=\"auto, (max-width: 300px) 100vw, 300px\" \/><\/p>\n<p>&nbsp;<\/p>\n","protected":false},"excerpt":{"rendered":"<p>8 kwietnia dzieci z grupy III wybra\u0142y si\u0119 do Radio i Telewizji, aby obejrze\u0107 musical pt. \u201ePark Czar\u00f3w\u201d dla dzieci przygotowany przez Wroc\u0142awski Teatr Edukacji In-Art. Spektakl zabra\u0142 dzieci do&hellip;<\/p>\n","protected":false},"author":5,"featured_media":4848,"comment_status":"closed","ping_status":"closed","sticky":false,"template":"","format":"standard","meta":{"footnotes":""},"categories":[11,1,19],"tags":[],"class_list":["post-4842","post","type-post","status-publish","format-standard","has-post-thumbnail","hentry","category-aktualnosci","category-bez-kategorii","category-wydarzylo-sie"],"_links":{"self":[{"href":"https:\/\/zsp16.wroclaw.pl\/p16wroclaw\/wp-json\/wp\/v2\/posts\/4842","targetHints":{"allow":["GET"]}}],"collection":[{"href":"https:\/\/zsp16.wroclaw.pl\/p16wroclaw\/wp-json\/wp\/v2\/posts"}],"about":[{"href":"https:\/\/zsp16.wroclaw.pl\/p16wroclaw\/wp-json\/wp\/v2\/types\/post"}],"author":[{"embeddable":true,"href":"https:\/\/zsp16.wroclaw.pl\/p16wroclaw\/wp-json\/wp\/v2\/users\/5"}],"replies":[{"embeddable":true,"href":"https:\/\/zsp16.wroclaw.pl\/p16wroclaw\/wp-json\/wp\/v2\/comments?post=4842"}],"version-history":[{"count":2,"href":"https:\/\/zsp16.wroclaw.pl\/p16wroclaw\/wp-json\/wp\/v2\/posts\/4842\/revisions"}],"predecessor-version":[{"id":4851,"href":"https:\/\/zsp16.wroclaw.pl\/p16wroclaw\/wp-json\/wp\/v2\/posts\/4842\/revisions\/4851"}],"wp:featuredmedia":[{"embeddable":true,"href":"https:\/\/zsp16.wroclaw.pl\/p16wroclaw\/wp-json\/wp\/v2\/media\/4848"}],"wp:attachment":[{"href":"https:\/\/zsp16.wroclaw.pl\/p16wroclaw\/wp-json\/wp\/v2\/media?parent=4842"}],"wp:term":[{"taxonomy":"category","embeddable":true,"href":"https:\/\/zsp16.wroclaw.pl\/p16wroclaw\/wp-json\/wp\/v2\/categories?post=4842"},{"taxonomy":"post_tag","embeddable":true,"href":"https:\/\/zsp16.wroclaw.pl\/p16wroclaw\/wp-json\/wp\/v2\/tags?post=4842"}],"curies":[{"name":"wp","href":"https:\/\/api.w.org\/{rel}","templated":true}]}}