{"id":5004,"date":"2026-06-02T21:22:27","date_gmt":"2026-06-02T19:22:27","guid":{"rendered":"https:\/\/zsp16.wroclaw.pl\/p16wroclaw\/?p=5004"},"modified":"2026-08-27T21:29:08","modified_gmt":"2026-08-27T19:29:08","slug":"dzien-dziecka-w-grupie-ii","status":"publish","type":"post","link":"https:\/\/zsp16.wroclaw.pl\/p16wroclaw\/2026\/06\/02\/dzien-dziecka-w-grupie-ii\/","title":{"rendered":"Dzie\u0144 Dziecka w grupie II"},"content":{"rendered":"<p>1 czerwca dzieci z grupy II obchodzi\u0142y swoje \u015bwi\u0119to na s\u0142odko. Z okazji Dnia Dziecka wybra\u0142y si\u0119 do pobliskiej kawiarenki na pyszne lody. Ka\u017cdy m\u00f3g\u0142 sobie wybra\u0107 ulubiony smak lod\u00f3w, rodzaj posypki i z apetytem zje\u015b\u0107 ga\u0142k\u0119 lod\u00f3w przy kawiarnianym stoliku.<\/p>\n<figure id=\"attachment_5006\" aria-describedby=\"caption-attachment-5006\" style=\"width: 900px\" class=\"wp-caption alignnone\"><a href=\"https:\/\/zsp16.wroclaw.pl\/p16wroclaw\/2026\/06\/02\/dzien-dziecka-w-grupie-ii\/dd3-2\/\" rel=\"attachment wp-att-5006\"><img loading=\"lazy\" decoding=\"async\" class=\"wp-image-5006 size-large\" src=\"http:\/\/zsp16.wroclaw.pl\/p16wroclaw\/wp-content\/uploads\/2026\/08\/DD3-1024x768.jpg\" alt=\"\" width=\"900\" height=\"675\" srcset=\"https:\/\/zsp16.wroclaw.pl\/p16wroclaw\/wp-content\/uploads\/2026\/08\/DD3-1024x768.jpg 1024w, https:\/\/zsp16.wroclaw.pl\/p16wroclaw\/wp-content\/uploads\/2026\/08\/DD3-300x225.jpg 300w, https:\/\/zsp16.wroclaw.pl\/p16wroclaw\/wp-content\/uploads\/2026\/08\/DD3-768x576.jpg 768w, https:\/\/zsp16.wroclaw.pl\/p16wroclaw\/wp-content\/uploads\/2026\/08\/DD3-1536x1152.jpg 1536w, https:\/\/zsp16.wroclaw.pl\/p16wroclaw\/wp-content\/uploads\/2026\/08\/DD3-2048x1536.jpg 2048w\" sizes=\"auto, (max-width: 900px) 100vw, 900px\" \/><\/a><figcaption id=\"caption-attachment-5006\" class=\"wp-caption-text\">Grupka dzieci z grupy II zajada lody w wafelku.<\/figcaption><\/figure>\n<figure id=\"attachment_5005\" aria-describedby=\"caption-attachment-5005\" style=\"width: 900px\" class=\"wp-caption alignnone\"><a href=\"https:\/\/zsp16.wroclaw.pl\/p16wroclaw\/2026\/06\/02\/dzien-dziecka-w-grupie-ii\/dd4-2\/\" rel=\"attachment wp-att-5005\"><img loading=\"lazy\" decoding=\"async\" class=\"wp-image-5005 size-large\" src=\"http:\/\/zsp16.wroclaw.pl\/p16wroclaw\/wp-content\/uploads\/2026\/08\/DD4-1024x768.jpg\" alt=\"\" width=\"900\" height=\"675\" srcset=\"https:\/\/zsp16.wroclaw.pl\/p16wroclaw\/wp-content\/uploads\/2026\/08\/DD4-1024x768.jpg 1024w, https:\/\/zsp16.wroclaw.pl\/p16wroclaw\/wp-content\/uploads\/2026\/08\/DD4-300x225.jpg 300w, https:\/\/zsp16.wroclaw.pl\/p16wroclaw\/wp-content\/uploads\/2026\/08\/DD4-768x576.jpg 768w, https:\/\/zsp16.wroclaw.pl\/p16wroclaw\/wp-content\/uploads\/2026\/08\/DD4-1536x1152.jpg 1536w, https:\/\/zsp16.wroclaw.pl\/p16wroclaw\/wp-content\/uploads\/2026\/08\/DD4-2048x1536.jpg 2048w\" sizes=\"auto, (max-width: 900px) 100vw, 900px\" \/><\/a><figcaption id=\"caption-attachment-5005\" class=\"wp-caption-text\">Ch\u0142opiec i dziewczynka jedz\u0105 lody czekoladowe.<\/figcaption><\/figure>\n<figure id=\"attachment_5008\" aria-describedby=\"caption-attachment-5008\" style=\"width: 900px\" class=\"wp-caption alignnone\"><a href=\"https:\/\/zsp16.wroclaw.pl\/p16wroclaw\/2026\/06\/02\/dzien-dziecka-w-grupie-ii\/dd1-2\/\" rel=\"attachment wp-att-5008\"><img loading=\"lazy\" decoding=\"async\" class=\"wp-image-5008 size-large\" src=\"http:\/\/zsp16.wroclaw.pl\/p16wroclaw\/wp-content\/uploads\/2026\/08\/DD1-1024x768.jpg\" alt=\"\" width=\"900\" height=\"675\" srcset=\"https:\/\/zsp16.wroclaw.pl\/p16wroclaw\/wp-content\/uploads\/2026\/08\/DD1-1024x768.jpg 1024w, https:\/\/zsp16.wroclaw.pl\/p16wroclaw\/wp-content\/uploads\/2026\/08\/DD1-300x225.jpg 300w, https:\/\/zsp16.wroclaw.pl\/p16wroclaw\/wp-content\/uploads\/2026\/08\/DD1-768x576.jpg 768w, https:\/\/zsp16.wroclaw.pl\/p16wroclaw\/wp-content\/uploads\/2026\/08\/DD1-1536x1152.jpg 1536w, https:\/\/zsp16.wroclaw.pl\/p16wroclaw\/wp-content\/uploads\/2026\/08\/DD1-2048x1536.jpg 2048w\" sizes=\"auto, (max-width: 900px) 100vw, 900px\" \/><\/a><figcaption id=\"caption-attachment-5008\" class=\"wp-caption-text\">Grupka przedszkolak\u00f3w z grupy II zajada lody w wafelku.<\/figcaption><\/figure>\n<figure id=\"attachment_5007\" aria-describedby=\"caption-attachment-5007\" style=\"width: 900px\" class=\"wp-caption alignnone\"><a href=\"https:\/\/zsp16.wroclaw.pl\/p16wroclaw\/2026\/06\/02\/dzien-dziecka-w-grupie-ii\/dd2-2\/\" rel=\"attachment wp-att-5007\"><img loading=\"lazy\" decoding=\"async\" class=\"wp-image-5007 size-large\" src=\"http:\/\/zsp16.wroclaw.pl\/p16wroclaw\/wp-content\/uploads\/2026\/08\/DD2-1024x768.jpg\" alt=\"\" width=\"900\" height=\"675\" srcset=\"https:\/\/zsp16.wroclaw.pl\/p16wroclaw\/wp-content\/uploads\/2026\/08\/DD2-1024x768.jpg 1024w, https:\/\/zsp16.wroclaw.pl\/p16wroclaw\/wp-content\/uploads\/2026\/08\/DD2-300x225.jpg 300w, https:\/\/zsp16.wroclaw.pl\/p16wroclaw\/wp-content\/uploads\/2026\/08\/DD2-768x576.jpg 768w, https:\/\/zsp16.wroclaw.pl\/p16wroclaw\/wp-content\/uploads\/2026\/08\/DD2-1536x1152.jpg 1536w, https:\/\/zsp16.wroclaw.pl\/p16wroclaw\/wp-content\/uploads\/2026\/08\/DD2-2048x1536.jpg 2048w\" sizes=\"auto, (max-width: 900px) 100vw, 900px\" \/><\/a><figcaption id=\"caption-attachment-5007\" class=\"wp-caption-text\">Troje przedszkolak\u00f3w z grupy II je przy stoliku lody w wafelku.<\/figcaption><\/figure>\n","protected":false},"excerpt":{"rendered":"<p>1 czerwca dzieci z grupy II obchodzi\u0142y swoje \u015bwi\u0119to na s\u0142odko. Z okazji Dnia Dziecka wybra\u0142y si\u0119 do pobliskiej kawiarenki na pyszne lody. Ka\u017cdy m\u00f3g\u0142 sobie wybra\u0107 ulubiony smak lod\u00f3w,&hellip;<\/p>\n","protected":false},"author":4,"featured_media":5008,"comment_status":"closed","ping_status":"closed","sticky":false,"template":"","format":"standard","meta":{"footnotes":""},"categories":[11,19],"tags":[],"class_list":["post-5004","post","type-post","status-publish","format-standard","has-post-thumbnail","hentry","category-aktualnosci","category-wydarzylo-sie"],"_links":{"self":[{"href":"https:\/\/zsp16.wroclaw.pl\/p16wroclaw\/wp-json\/wp\/v2\/posts\/5004","targetHints":{"allow":["GET"]}}],"collection":[{"href":"https:\/\/zsp16.wroclaw.pl\/p16wroclaw\/wp-json\/wp\/v2\/posts"}],"about":[{"href":"https:\/\/zsp16.wroclaw.pl\/p16wroclaw\/wp-json\/wp\/v2\/types\/post"}],"author":[{"embeddable":true,"href":"https:\/\/zsp16.wroclaw.pl\/p16wroclaw\/wp-json\/wp\/v2\/users\/4"}],"replies":[{"embeddable":true,"href":"https:\/\/zsp16.wroclaw.pl\/p16wroclaw\/wp-json\/wp\/v2\/comments?post=5004"}],"version-history":[{"count":2,"href":"https:\/\/zsp16.wroclaw.pl\/p16wroclaw\/wp-json\/wp\/v2\/posts\/5004\/revisions"}],"predecessor-version":[{"id":5010,"href":"https:\/\/zsp16.wroclaw.pl\/p16wroclaw\/wp-json\/wp\/v2\/posts\/5004\/revisions\/5010"}],"wp:featuredmedia":[{"embeddable":true,"href":"https:\/\/zsp16.wroclaw.pl\/p16wroclaw\/wp-json\/wp\/v2\/media\/5008"}],"wp:attachment":[{"href":"https:\/\/zsp16.wroclaw.pl\/p16wroclaw\/wp-json\/wp\/v2\/media?parent=5004"}],"wp:term":[{"taxonomy":"category","embeddable":true,"href":"https:\/\/zsp16.wroclaw.pl\/p16wroclaw\/wp-json\/wp\/v2\/categories?post=5004"},{"taxonomy":"post_tag","embeddable":true,"href":"https:\/\/zsp16.wroclaw.pl\/p16wroclaw\/wp-json\/wp\/v2\/tags?post=5004"}],"curies":[{"name":"wp","href":"https:\/\/api.w.org\/{rel}","templated":true}]}}