{"id":5012,"date":"2026-06-15T21:32:55","date_gmt":"2026-06-15T19:32:55","guid":{"rendered":"https:\/\/zsp16.wroclaw.pl\/p16wroclaw\/?p=5012"},"modified":"2026-08-27T21:39:12","modified_gmt":"2026-08-27T19:39:12","slug":"wizyta-pana-pszczelarza","status":"publish","type":"post","link":"https:\/\/zsp16.wroclaw.pl\/p16wroclaw\/2026\/06\/15\/wizyta-pana-pszczelarza\/","title":{"rendered":"Wizyta pana pszczelarza"},"content":{"rendered":"<p>11 czerwca nasze przedszkole odwiedzi\u0142 pan pszczelarz ze swoj\u0105 tajemnicz\u0105 paczk\u0105. Okaza\u0142o si\u0119, \u017ce jest to prawdziwy ul. Dzieci z grupy I, II i III z zaciekawieniem mog\u0142y poobserwowa\u0107 pszczo\u0142y podczas pracy, odszuka\u0107 kr\u00f3low\u0105 oraz skosztowa\u0107 s\u0142odkiego, p\u0142ynnego miodu. Pan pszczelarz pokaza\u0142 przedszkolakom tak\u017ce str\u00f3j pszczelarza, zademonstrowa\u0142 i om\u00f3wi\u0142 budow\u0119 ula. To by\u0142o dla dzieci bardzo ciekawe spotkanie.<\/p>\n<div>\n<figure id=\"attachment_5013\" aria-describedby=\"caption-attachment-5013\" style=\"width: 900px\" class=\"wp-caption alignnone\"><a href=\"https:\/\/zsp16.wroclaw.pl\/p16wroclaw\/2026\/06\/15\/wizyta-pana-pszczelarza\/p4-2\/\" rel=\"attachment wp-att-5013\"><img loading=\"lazy\" decoding=\"async\" class=\"wp-image-5013 size-large\" src=\"http:\/\/zsp16.wroclaw.pl\/p16wroclaw\/wp-content\/uploads\/2026\/08\/P4-1024x768.jpg\" alt=\"\" width=\"900\" height=\"675\" srcset=\"https:\/\/zsp16.wroclaw.pl\/p16wroclaw\/wp-content\/uploads\/2026\/08\/P4-1024x768.jpg 1024w, https:\/\/zsp16.wroclaw.pl\/p16wroclaw\/wp-content\/uploads\/2026\/08\/P4-300x225.jpg 300w, https:\/\/zsp16.wroclaw.pl\/p16wroclaw\/wp-content\/uploads\/2026\/08\/P4-768x576.jpg 768w, https:\/\/zsp16.wroclaw.pl\/p16wroclaw\/wp-content\/uploads\/2026\/08\/P4-1536x1152.jpg 1536w, https:\/\/zsp16.wroclaw.pl\/p16wroclaw\/wp-content\/uploads\/2026\/08\/P4-2048x1536.jpg 2048w\" sizes=\"auto, (max-width: 900px) 100vw, 900px\" \/><\/a><figcaption id=\"caption-attachment-5013\" class=\"wp-caption-text\">Pan pszczelarz prezentuje dzieciom z grupy II ramk\u0119 z ula.<\/figcaption><\/figure>\n<figure id=\"attachment_5014\" aria-describedby=\"caption-attachment-5014\" style=\"width: 768px\" class=\"wp-caption alignnone\"><a href=\"https:\/\/zsp16.wroclaw.pl\/p16wroclaw\/2026\/06\/15\/wizyta-pana-pszczelarza\/p3-2\/\" rel=\"attachment wp-att-5014\"><img loading=\"lazy\" decoding=\"async\" class=\"wp-image-5014 size-large\" src=\"http:\/\/zsp16.wroclaw.pl\/p16wroclaw\/wp-content\/uploads\/2026\/08\/P3-768x1024.jpg\" alt=\"\" width=\"768\" height=\"1024\" srcset=\"https:\/\/zsp16.wroclaw.pl\/p16wroclaw\/wp-content\/uploads\/2026\/08\/P3-768x1024.jpg 768w, https:\/\/zsp16.wroclaw.pl\/p16wroclaw\/wp-content\/uploads\/2026\/08\/P3-225x300.jpg 225w, https:\/\/zsp16.wroclaw.pl\/p16wroclaw\/wp-content\/uploads\/2026\/08\/P3-1152x1536.jpg 1152w, https:\/\/zsp16.wroclaw.pl\/p16wroclaw\/wp-content\/uploads\/2026\/08\/P3-1536x2048.jpg 1536w, https:\/\/zsp16.wroclaw.pl\/p16wroclaw\/wp-content\/uploads\/2026\/08\/P3-scaled.jpg 1920w\" sizes=\"auto, (max-width: 768px) 100vw, 768px\" \/><\/a><figcaption id=\"caption-attachment-5014\" class=\"wp-caption-text\">Kr\u00f3lowa z bia\u0142\u0105 kropk\u0105 widoczna w\u015br\u00f3d innych pszcz\u00f3\u0142.<\/figcaption><\/figure>\n<figure id=\"attachment_5015\" aria-describedby=\"caption-attachment-5015\" style=\"width: 900px\" class=\"wp-caption alignnone\"><a href=\"https:\/\/zsp16.wroclaw.pl\/p16wroclaw\/2026\/06\/15\/wizyta-pana-pszczelarza\/p2-2\/\" rel=\"attachment wp-att-5015\"><img loading=\"lazy\" decoding=\"async\" class=\"wp-image-5015 size-large\" src=\"http:\/\/zsp16.wroclaw.pl\/p16wroclaw\/wp-content\/uploads\/2026\/08\/P2-1024x768.jpg\" alt=\"\" width=\"900\" height=\"675\" srcset=\"https:\/\/zsp16.wroclaw.pl\/p16wroclaw\/wp-content\/uploads\/2026\/08\/P2-1024x768.jpg 1024w, https:\/\/zsp16.wroclaw.pl\/p16wroclaw\/wp-content\/uploads\/2026\/08\/P2-300x225.jpg 300w, https:\/\/zsp16.wroclaw.pl\/p16wroclaw\/wp-content\/uploads\/2026\/08\/P2-768x576.jpg 768w, https:\/\/zsp16.wroclaw.pl\/p16wroclaw\/wp-content\/uploads\/2026\/08\/P2-1536x1152.jpg 1536w, https:\/\/zsp16.wroclaw.pl\/p16wroclaw\/wp-content\/uploads\/2026\/08\/P2-2048x1536.jpg 2048w\" sizes=\"auto, (max-width: 900px) 100vw, 900px\" \/><\/a><figcaption id=\"caption-attachment-5015\" class=\"wp-caption-text\">Ch\u0142opiec z grupy II ogl\u0105da ul z pszczo\u0142ami.<\/figcaption><\/figure>\n<figure id=\"attachment_5016\" aria-describedby=\"caption-attachment-5016\" style=\"width: 900px\" class=\"wp-caption alignnone\"><a href=\"https:\/\/zsp16.wroclaw.pl\/p16wroclaw\/2026\/06\/15\/wizyta-pana-pszczelarza\/p1-2\/\" rel=\"attachment wp-att-5016\"><img loading=\"lazy\" decoding=\"async\" class=\"wp-image-5016 size-large\" src=\"http:\/\/zsp16.wroclaw.pl\/p16wroclaw\/wp-content\/uploads\/2026\/08\/P1-1024x768.jpg\" alt=\"\" width=\"900\" height=\"675\" srcset=\"https:\/\/zsp16.wroclaw.pl\/p16wroclaw\/wp-content\/uploads\/2026\/08\/P1-1024x768.jpg 1024w, https:\/\/zsp16.wroclaw.pl\/p16wroclaw\/wp-content\/uploads\/2026\/08\/P1-300x225.jpg 300w, https:\/\/zsp16.wroclaw.pl\/p16wroclaw\/wp-content\/uploads\/2026\/08\/P1-768x576.jpg 768w, https:\/\/zsp16.wroclaw.pl\/p16wroclaw\/wp-content\/uploads\/2026\/08\/P1-1536x1152.jpg 1536w, https:\/\/zsp16.wroclaw.pl\/p16wroclaw\/wp-content\/uploads\/2026\/08\/P1-2048x1536.jpg 2048w\" sizes=\"auto, (max-width: 900px) 100vw, 900px\" \/><\/a><figcaption id=\"caption-attachment-5016\" class=\"wp-caption-text\">Pan pszczelarz prezentuje ul z pszczo\u0142ami.<\/figcaption><\/figure>\n<\/div>\n","protected":false},"excerpt":{"rendered":"<p>11 czerwca nasze przedszkole odwiedzi\u0142 pan pszczelarz ze swoj\u0105 tajemnicz\u0105 paczk\u0105. Okaza\u0142o si\u0119, \u017ce jest to prawdziwy ul. Dzieci z grupy I, II i III z zaciekawieniem mog\u0142y poobserwowa\u0107 pszczo\u0142y&hellip;<\/p>\n","protected":false},"author":4,"featured_media":5015,"comment_status":"closed","ping_status":"closed","sticky":false,"template":"","format":"standard","meta":{"footnotes":""},"categories":[11,19],"tags":[],"class_list":["post-5012","post","type-post","status-publish","format-standard","has-post-thumbnail","hentry","category-aktualnosci","category-wydarzylo-sie"],"_links":{"self":[{"href":"https:\/\/zsp16.wroclaw.pl\/p16wroclaw\/wp-json\/wp\/v2\/posts\/5012","targetHints":{"allow":["GET"]}}],"collection":[{"href":"https:\/\/zsp16.wroclaw.pl\/p16wroclaw\/wp-json\/wp\/v2\/posts"}],"about":[{"href":"https:\/\/zsp16.wroclaw.pl\/p16wroclaw\/wp-json\/wp\/v2\/types\/post"}],"author":[{"embeddable":true,"href":"https:\/\/zsp16.wroclaw.pl\/p16wroclaw\/wp-json\/wp\/v2\/users\/4"}],"replies":[{"embeddable":true,"href":"https:\/\/zsp16.wroclaw.pl\/p16wroclaw\/wp-json\/wp\/v2\/comments?post=5012"}],"version-history":[{"count":2,"href":"https:\/\/zsp16.wroclaw.pl\/p16wroclaw\/wp-json\/wp\/v2\/posts\/5012\/revisions"}],"predecessor-version":[{"id":5018,"href":"https:\/\/zsp16.wroclaw.pl\/p16wroclaw\/wp-json\/wp\/v2\/posts\/5012\/revisions\/5018"}],"wp:featuredmedia":[{"embeddable":true,"href":"https:\/\/zsp16.wroclaw.pl\/p16wroclaw\/wp-json\/wp\/v2\/media\/5015"}],"wp:attachment":[{"href":"https:\/\/zsp16.wroclaw.pl\/p16wroclaw\/wp-json\/wp\/v2\/media?parent=5012"}],"wp:term":[{"taxonomy":"category","embeddable":true,"href":"https:\/\/zsp16.wroclaw.pl\/p16wroclaw\/wp-json\/wp\/v2\/categories?post=5012"},{"taxonomy":"post_tag","embeddable":true,"href":"https:\/\/zsp16.wroclaw.pl\/p16wroclaw\/wp-json\/wp\/v2\/tags?post=5012"}],"curies":[{"name":"wp","href":"https:\/\/api.w.org\/{rel}","templated":true}]}}