{"id":5019,"date":"2026-06-22T21:39:58","date_gmt":"2026-06-22T19:39:58","guid":{"rendered":"https:\/\/zsp16.wroclaw.pl\/p16wroclaw\/?p=5019"},"modified":"2026-08-27T21:45:49","modified_gmt":"2026-08-27T19:45:49","slug":"bajkowoz-w-przedszkolu","status":"publish","type":"post","link":"https:\/\/zsp16.wroclaw.pl\/p16wroclaw\/2026\/06\/22\/bajkowoz-w-przedszkolu\/","title":{"rendered":"Bajkow\u00f3z w przedszkolu"},"content":{"rendered":"<p>19 czerwca przyjecha\u0142 do naszego przedszkola Bajkow\u00f3z \u2013 przewo\u017any teatr Doroty i Stefana Brzozowskich ze spektaklem \u201eKrasnal Ha\u0142aba\u0142a\u201d na motywach bajki Lucyny Krzemieniekiej. Przedszkolaki musia\u0142y tylko zbudowa\u0107 widowni\u0119 na placu zabaw wynosz\u0105c krzes\u0142a z sal i podda\u0107 si\u0119 urokowi gry aktorskiej lalkarzy. Spektakl wywo\u0142a\u0142 na dzieciach ogromne wra\u017cenie. Brawo \ud83d\ude0a<\/p>\n<p>&nbsp;<\/p>\n<figure id=\"attachment_5020\" aria-describedby=\"caption-attachment-5020\" style=\"width: 900px\" class=\"wp-caption alignnone\"><a href=\"https:\/\/zsp16.wroclaw.pl\/p16wroclaw\/2026\/06\/22\/bajkowoz-w-przedszkolu\/b3-3\/\" rel=\"attachment wp-att-5020\"><img loading=\"lazy\" decoding=\"async\" class=\"wp-image-5020 size-large\" src=\"http:\/\/zsp16.wroclaw.pl\/p16wroclaw\/wp-content\/uploads\/2026\/08\/B3-1024x738.jpg\" alt=\"\" width=\"900\" height=\"649\" srcset=\"https:\/\/zsp16.wroclaw.pl\/p16wroclaw\/wp-content\/uploads\/2026\/08\/B3-1024x738.jpg 1024w, https:\/\/zsp16.wroclaw.pl\/p16wroclaw\/wp-content\/uploads\/2026\/08\/B3-300x216.jpg 300w, https:\/\/zsp16.wroclaw.pl\/p16wroclaw\/wp-content\/uploads\/2026\/08\/B3-768x553.jpg 768w, https:\/\/zsp16.wroclaw.pl\/p16wroclaw\/wp-content\/uploads\/2026\/08\/B3-1536x1107.jpg 1536w, https:\/\/zsp16.wroclaw.pl\/p16wroclaw\/wp-content\/uploads\/2026\/08\/B3-2048x1475.jpg 2048w\" sizes=\"auto, (max-width: 900px) 100vw, 900px\" \/><\/a><figcaption id=\"caption-attachment-5020\" class=\"wp-caption-text\">Scena z lalkami teatralnymi o Krasnalu Ha\u0142abale.<\/figcaption><\/figure>\n<figure id=\"attachment_5021\" aria-describedby=\"caption-attachment-5021\" style=\"width: 900px\" class=\"wp-caption alignnone\"><a href=\"https:\/\/zsp16.wroclaw.pl\/p16wroclaw\/2026\/06\/22\/bajkowoz-w-przedszkolu\/b2-2\/\" rel=\"attachment wp-att-5021\"><img loading=\"lazy\" decoding=\"async\" class=\"wp-image-5021 size-large\" src=\"http:\/\/zsp16.wroclaw.pl\/p16wroclaw\/wp-content\/uploads\/2026\/08\/B2-1024x595.jpg\" alt=\"\" width=\"900\" height=\"523\" srcset=\"https:\/\/zsp16.wroclaw.pl\/p16wroclaw\/wp-content\/uploads\/2026\/08\/B2-1024x595.jpg 1024w, https:\/\/zsp16.wroclaw.pl\/p16wroclaw\/wp-content\/uploads\/2026\/08\/B2-300x174.jpg 300w, https:\/\/zsp16.wroclaw.pl\/p16wroclaw\/wp-content\/uploads\/2026\/08\/B2-768x446.jpg 768w, https:\/\/zsp16.wroclaw.pl\/p16wroclaw\/wp-content\/uploads\/2026\/08\/B2-1536x893.jpg 1536w, https:\/\/zsp16.wroclaw.pl\/p16wroclaw\/wp-content\/uploads\/2026\/08\/B2-2048x1191.jpg 2048w\" sizes=\"auto, (max-width: 900px) 100vw, 900px\" \/><\/a><figcaption id=\"caption-attachment-5021\" class=\"wp-caption-text\">Przedszkolaki usadowieni na krzes\u0142ach ogl\u0105daj\u0105 teatr lalkowy z Bajkowozu.<\/figcaption><\/figure>\n<figure id=\"attachment_5022\" aria-describedby=\"caption-attachment-5022\" style=\"width: 900px\" class=\"wp-caption alignnone\"><a href=\"https:\/\/zsp16.wroclaw.pl\/p16wroclaw\/2026\/06\/22\/bajkowoz-w-przedszkolu\/b1-3\/\" rel=\"attachment wp-att-5022\"><img loading=\"lazy\" decoding=\"async\" class=\"wp-image-5022 size-large\" src=\"http:\/\/zsp16.wroclaw.pl\/p16wroclaw\/wp-content\/uploads\/2026\/08\/B1-1024x604.jpg\" alt=\"\" width=\"900\" height=\"531\" srcset=\"https:\/\/zsp16.wroclaw.pl\/p16wroclaw\/wp-content\/uploads\/2026\/08\/B1-1024x604.jpg 1024w, https:\/\/zsp16.wroclaw.pl\/p16wroclaw\/wp-content\/uploads\/2026\/08\/B1-300x177.jpg 300w, https:\/\/zsp16.wroclaw.pl\/p16wroclaw\/wp-content\/uploads\/2026\/08\/B1-768x453.jpg 768w, https:\/\/zsp16.wroclaw.pl\/p16wroclaw\/wp-content\/uploads\/2026\/08\/B1-1536x907.jpg 1536w, https:\/\/zsp16.wroclaw.pl\/p16wroclaw\/wp-content\/uploads\/2026\/08\/B1-2048x1209.jpg 2048w\" sizes=\"auto, (max-width: 900px) 100vw, 900px\" \/><\/a><figcaption id=\"caption-attachment-5022\" class=\"wp-caption-text\">Przewo\u017any teatr Bajkow\u00f3z Doroty i Stefana Brzozowskich.<\/figcaption><\/figure>\n<p>&nbsp;<\/p>\n","protected":false},"excerpt":{"rendered":"<p>19 czerwca przyjecha\u0142 do naszego przedszkola Bajkow\u00f3z \u2013 przewo\u017any teatr Doroty i Stefana Brzozowskich ze spektaklem \u201eKrasnal Ha\u0142aba\u0142a\u201d na motywach bajki Lucyny Krzemieniekiej. Przedszkolaki musia\u0142y tylko zbudowa\u0107 widowni\u0119 na placu&hellip;<\/p>\n","protected":false},"author":4,"featured_media":5020,"comment_status":"closed","ping_status":"closed","sticky":false,"template":"","format":"standard","meta":{"footnotes":""},"categories":[11,19],"tags":[],"class_list":["post-5019","post","type-post","status-publish","format-standard","has-post-thumbnail","hentry","category-aktualnosci","category-wydarzylo-sie"],"_links":{"self":[{"href":"https:\/\/zsp16.wroclaw.pl\/p16wroclaw\/wp-json\/wp\/v2\/posts\/5019","targetHints":{"allow":["GET"]}}],"collection":[{"href":"https:\/\/zsp16.wroclaw.pl\/p16wroclaw\/wp-json\/wp\/v2\/posts"}],"about":[{"href":"https:\/\/zsp16.wroclaw.pl\/p16wroclaw\/wp-json\/wp\/v2\/types\/post"}],"author":[{"embeddable":true,"href":"https:\/\/zsp16.wroclaw.pl\/p16wroclaw\/wp-json\/wp\/v2\/users\/4"}],"replies":[{"embeddable":true,"href":"https:\/\/zsp16.wroclaw.pl\/p16wroclaw\/wp-json\/wp\/v2\/comments?post=5019"}],"version-history":[{"count":2,"href":"https:\/\/zsp16.wroclaw.pl\/p16wroclaw\/wp-json\/wp\/v2\/posts\/5019\/revisions"}],"predecessor-version":[{"id":5024,"href":"https:\/\/zsp16.wroclaw.pl\/p16wroclaw\/wp-json\/wp\/v2\/posts\/5019\/revisions\/5024"}],"wp:featuredmedia":[{"embeddable":true,"href":"https:\/\/zsp16.wroclaw.pl\/p16wroclaw\/wp-json\/wp\/v2\/media\/5020"}],"wp:attachment":[{"href":"https:\/\/zsp16.wroclaw.pl\/p16wroclaw\/wp-json\/wp\/v2\/media?parent=5019"}],"wp:term":[{"taxonomy":"category","embeddable":true,"href":"https:\/\/zsp16.wroclaw.pl\/p16wroclaw\/wp-json\/wp\/v2\/categories?post=5019"},{"taxonomy":"post_tag","embeddable":true,"href":"https:\/\/zsp16.wroclaw.pl\/p16wroclaw\/wp-json\/wp\/v2\/tags?post=5019"}],"curies":[{"name":"wp","href":"https:\/\/api.w.org\/{rel}","templated":true}]}}