{"id":5046,"date":"2026-06-10T22:10:53","date_gmt":"2026-06-10T20:10:53","guid":{"rendered":"https:\/\/zsp16.wroclaw.pl\/p16wroclaw\/?p=5046"},"modified":"2026-08-27T22:14:51","modified_gmt":"2026-08-27T20:14:51","slug":"wycieczka-do-teatru-dzieci-z-grupy-ii-i-iii","status":"publish","type":"post","link":"https:\/\/zsp16.wroclaw.pl\/p16wroclaw\/2026\/06\/10\/wycieczka-do-teatru-dzieci-z-grupy-ii-i-iii\/","title":{"rendered":"Wycieczka do teatru dzieci z grupy II i III"},"content":{"rendered":"<div>8 czerwca dzieci z grupy II i III wybra\u0142y si\u0119 do Impartu na sztuk\u0119 teatraln\u0105 \u201eMa\u0142a zielona planeta\u201d w re\u017cyserii Micha\u0142a Bia\u0142eckiego, kt\u00f3ra wprowadzi\u0142a dzieci w \u015bwiat segregacji \u015bmieci, poszanowania przyrody i skutk\u00f3w ubocznych zwi\u0105zanych ze zmianami\u00a0 klimatycznymi. Ten bardzo pouczaj\u0105cy spektakl z gro\u017anymi efektami akustycznymi wywar\u0142 na widzach niesamowite wra\u017cenie. Niekt\u00f3re dzieci mocno go prze\u017cywa\u0142y. Ale spektakl si\u0119 dzieciom spodoba\u0142.<\/div>\n<div>\n<figure id=\"attachment_5047\" aria-describedby=\"caption-attachment-5047\" style=\"width: 900px\" class=\"wp-caption alignnone\"><a href=\"https:\/\/zsp16.wroclaw.pl\/p16wroclaw\/2026\/06\/10\/wycieczka-do-teatru-dzieci-z-grupy-ii-i-iii\/t2\/\" rel=\"attachment wp-att-5047\"><img loading=\"lazy\" decoding=\"async\" class=\"wp-image-5047 size-large\" src=\"http:\/\/zsp16.wroclaw.pl\/p16wroclaw\/wp-content\/uploads\/2026\/08\/T2-1024x612.jpg\" alt=\"\" width=\"900\" height=\"538\" srcset=\"https:\/\/zsp16.wroclaw.pl\/p16wroclaw\/wp-content\/uploads\/2026\/08\/T2-1024x612.jpg 1024w, https:\/\/zsp16.wroclaw.pl\/p16wroclaw\/wp-content\/uploads\/2026\/08\/T2-300x179.jpg 300w, https:\/\/zsp16.wroclaw.pl\/p16wroclaw\/wp-content\/uploads\/2026\/08\/T2-768x459.jpg 768w, https:\/\/zsp16.wroclaw.pl\/p16wroclaw\/wp-content\/uploads\/2026\/08\/T2-1536x918.jpg 1536w, https:\/\/zsp16.wroclaw.pl\/p16wroclaw\/wp-content\/uploads\/2026\/08\/T2-2048x1225.jpg 2048w\" sizes=\"auto, (max-width: 900px) 100vw, 900px\" \/><\/a><figcaption id=\"caption-attachment-5047\" class=\"wp-caption-text\">Scena z teatru \u201eMa\u0142a zielona planeta\u201d<\/figcaption><\/figure>\n<figure id=\"attachment_5048\" aria-describedby=\"caption-attachment-5048\" style=\"width: 900px\" class=\"wp-caption alignnone\"><a href=\"https:\/\/zsp16.wroclaw.pl\/p16wroclaw\/2026\/06\/10\/wycieczka-do-teatru-dzieci-z-grupy-ii-i-iii\/t1\/\" rel=\"attachment wp-att-5048\"><img loading=\"lazy\" decoding=\"async\" class=\"wp-image-5048 size-large\" src=\"http:\/\/zsp16.wroclaw.pl\/p16wroclaw\/wp-content\/uploads\/2026\/08\/T1-1024x988.jpg\" alt=\"\" width=\"900\" height=\"868\" srcset=\"https:\/\/zsp16.wroclaw.pl\/p16wroclaw\/wp-content\/uploads\/2026\/08\/T1-1024x988.jpg 1024w, https:\/\/zsp16.wroclaw.pl\/p16wroclaw\/wp-content\/uploads\/2026\/08\/T1-300x289.jpg 300w, https:\/\/zsp16.wroclaw.pl\/p16wroclaw\/wp-content\/uploads\/2026\/08\/T1-768x741.jpg 768w, https:\/\/zsp16.wroclaw.pl\/p16wroclaw\/wp-content\/uploads\/2026\/08\/T1-1536x1481.jpg 1536w, https:\/\/zsp16.wroclaw.pl\/p16wroclaw\/wp-content\/uploads\/2026\/08\/T1-2048x1975.jpg 2048w\" sizes=\"auto, (max-width: 900px) 100vw, 900px\" \/><\/a><figcaption id=\"caption-attachment-5048\" class=\"wp-caption-text\">Dzieci z grupy II zaj\u0119\u0142y miejsca na widowni.<\/figcaption><\/figure>\n<\/div>\n","protected":false},"excerpt":{"rendered":"<p>8 czerwca dzieci z grupy II i III wybra\u0142y si\u0119 do Impartu na sztuk\u0119 teatraln\u0105 \u201eMa\u0142a zielona planeta\u201d w re\u017cyserii Micha\u0142a Bia\u0142eckiego, kt\u00f3ra wprowadzi\u0142a dzieci w \u015bwiat segregacji \u015bmieci, poszanowania&hellip;<\/p>\n","protected":false},"author":4,"featured_media":5047,"comment_status":"closed","ping_status":"closed","sticky":false,"template":"","format":"standard","meta":{"footnotes":""},"categories":[11,19],"tags":[],"class_list":["post-5046","post","type-post","status-publish","format-standard","has-post-thumbnail","hentry","category-aktualnosci","category-wydarzylo-sie"],"_links":{"self":[{"href":"https:\/\/zsp16.wroclaw.pl\/p16wroclaw\/wp-json\/wp\/v2\/posts\/5046","targetHints":{"allow":["GET"]}}],"collection":[{"href":"https:\/\/zsp16.wroclaw.pl\/p16wroclaw\/wp-json\/wp\/v2\/posts"}],"about":[{"href":"https:\/\/zsp16.wroclaw.pl\/p16wroclaw\/wp-json\/wp\/v2\/types\/post"}],"author":[{"embeddable":true,"href":"https:\/\/zsp16.wroclaw.pl\/p16wroclaw\/wp-json\/wp\/v2\/users\/4"}],"replies":[{"embeddable":true,"href":"https:\/\/zsp16.wroclaw.pl\/p16wroclaw\/wp-json\/wp\/v2\/comments?post=5046"}],"version-history":[{"count":2,"href":"https:\/\/zsp16.wroclaw.pl\/p16wroclaw\/wp-json\/wp\/v2\/posts\/5046\/revisions"}],"predecessor-version":[{"id":5050,"href":"https:\/\/zsp16.wroclaw.pl\/p16wroclaw\/wp-json\/wp\/v2\/posts\/5046\/revisions\/5050"}],"wp:featuredmedia":[{"embeddable":true,"href":"https:\/\/zsp16.wroclaw.pl\/p16wroclaw\/wp-json\/wp\/v2\/media\/5047"}],"wp:attachment":[{"href":"https:\/\/zsp16.wroclaw.pl\/p16wroclaw\/wp-json\/wp\/v2\/media?parent=5046"}],"wp:term":[{"taxonomy":"category","embeddable":true,"href":"https:\/\/zsp16.wroclaw.pl\/p16wroclaw\/wp-json\/wp\/v2\/categories?post=5046"},{"taxonomy":"post_tag","embeddable":true,"href":"https:\/\/zsp16.wroclaw.pl\/p16wroclaw\/wp-json\/wp\/v2\/tags?post=5046"}],"curies":[{"name":"wp","href":"https:\/\/api.w.org\/{rel}","templated":true}]}}