{"id":770,"date":"2021-11-22T19:00:36","date_gmt":"2021-11-22T18:00:36","guid":{"rendered":"http:\/\/zsp16.wroclaw.pl\/p16wroclaw\/?p=770"},"modified":"2021-12-03T09:05:42","modified_gmt":"2021-12-03T08:05:42","slug":"dzien-kredki-w-grupie-i","status":"publish","type":"post","link":"https:\/\/zsp16.wroclaw.pl\/p16wroclaw\/2021\/11\/22\/dzien-kredki-w-grupie-i\/","title":{"rendered":"Dzie\u0144 Kredki w Grupie I"},"content":{"rendered":"<p><strong>\u201eKolorowe kredki w pude\u0142eczku nosz\u0119, kolorowe kredki bardzo lubi\u0105 mnie<br \/>\nKolorowe kredki, kiedy je poprosz\u0119, namaluj\u0105 wszystko to co chc\u0119.\u201d<\/strong><\/p>\n<p>W poniedzia\u0142ek 22 listopada \u015bwi\u0119towali\u015bmy Dzie\u0144 Kredki. Powszechnie wiadomo, \u017ce od najm\u0142odszych lat kredki s\u0105 najlepszymi przyjaci\u00f3\u0142mi ka\u017cdego przedszkolaka. Kredki wprowadzaj\u0105 w \u015bwiat kolor\u00f3w, wyobra\u017ani, rozwijaj\u0105 sprawno\u015bci manualne oraz dostarczaj\u0105 okazji do wspania\u0142ej zabawy. Tego dnia by\u0142o bardzo weso\u0142o i kolorowo. Przedszkolaki s\u0142ucha\u0142y opowiada\u0144, kt\u00f3rych bohaterami by\u0142y kredki, pozna\u0142y r\u00f3\u017cne rodzaje kredek, klasyfikowa\u0142y je ze wzgl\u0119du na kolor, wielko\u015b\u0107 i rodzaj, utrwala\u0142y nazwy kolor\u00f3w. Dzieci \u015bpiewa\u0142y piosenki o kredkach, rozwi\u0105zywa\u0142y zagadki o kolorach oraz bawi\u0142y si\u0119 w kolory.<\/p>\n<figure id=\"attachment_771\" aria-describedby=\"caption-attachment-771\" style=\"width: 500px\" class=\"wp-caption alignleft\"><img loading=\"lazy\" decoding=\"async\" class=\"wp-image-771\" src=\"http:\/\/zsp16.wroclaw.pl\/p16wroclaw\/wp-content\/uploads\/2021\/12\/Grupa-I-1-300x169.jpg\" alt=\"Grupa I (1)\" width=\"500\" height=\"281\" srcset=\"https:\/\/zsp16.wroclaw.pl\/p16wroclaw\/wp-content\/uploads\/2021\/12\/Grupa-I-1-300x169.jpg 300w, https:\/\/zsp16.wroclaw.pl\/p16wroclaw\/wp-content\/uploads\/2021\/12\/Grupa-I-1-1024x576.jpg 1024w, https:\/\/zsp16.wroclaw.pl\/p16wroclaw\/wp-content\/uploads\/2021\/12\/Grupa-I-1-768x432.jpg 768w, https:\/\/zsp16.wroclaw.pl\/p16wroclaw\/wp-content\/uploads\/2021\/12\/Grupa-I-1-1536x864.jpg 1536w, https:\/\/zsp16.wroclaw.pl\/p16wroclaw\/wp-content\/uploads\/2021\/12\/Grupa-I-1-2048x1152.jpg 2048w\" sizes=\"auto, (max-width: 500px) 100vw, 500px\" \/><figcaption id=\"caption-attachment-771\" class=\"wp-caption-text\">Przedszkolaki z dyplomami za udzia\u0142 w Dniu Kredki<\/figcaption><\/figure>\n<figure id=\"attachment_772\" aria-describedby=\"caption-attachment-772\" style=\"width: 500px\" class=\"wp-caption alignleft\"><img loading=\"lazy\" decoding=\"async\" class=\"wp-image-772\" src=\"http:\/\/zsp16.wroclaw.pl\/p16wroclaw\/wp-content\/uploads\/2021\/12\/Grupa-I-2-300x169.jpg\" alt=\"Grupa I (2)\" width=\"500\" height=\"281\" srcset=\"https:\/\/zsp16.wroclaw.pl\/p16wroclaw\/wp-content\/uploads\/2021\/12\/Grupa-I-2-300x169.jpg 300w, https:\/\/zsp16.wroclaw.pl\/p16wroclaw\/wp-content\/uploads\/2021\/12\/Grupa-I-2-1024x576.jpg 1024w, https:\/\/zsp16.wroclaw.pl\/p16wroclaw\/wp-content\/uploads\/2021\/12\/Grupa-I-2-768x432.jpg 768w, https:\/\/zsp16.wroclaw.pl\/p16wroclaw\/wp-content\/uploads\/2021\/12\/Grupa-I-2-1536x864.jpg 1536w, https:\/\/zsp16.wroclaw.pl\/p16wroclaw\/wp-content\/uploads\/2021\/12\/Grupa-I-2-2048x1152.jpg 2048w\" sizes=\"auto, (max-width: 500px) 100vw, 500px\" \/><figcaption id=\"caption-attachment-772\" class=\"wp-caption-text\">Zabawa w kolory z wykorzystaniem chusty animacyjnej<\/figcaption><\/figure>\n<figure id=\"attachment_773\" aria-describedby=\"caption-attachment-773\" style=\"width: 500px\" class=\"wp-caption alignleft\"><img loading=\"lazy\" decoding=\"async\" class=\"wp-image-773\" src=\"http:\/\/zsp16.wroclaw.pl\/p16wroclaw\/wp-content\/uploads\/2021\/12\/Grupa-I-3-300x169.jpg\" alt=\"Grupa I (3)\" width=\"500\" height=\"281\" srcset=\"https:\/\/zsp16.wroclaw.pl\/p16wroclaw\/wp-content\/uploads\/2021\/12\/Grupa-I-3-300x169.jpg 300w, https:\/\/zsp16.wroclaw.pl\/p16wroclaw\/wp-content\/uploads\/2021\/12\/Grupa-I-3-1024x576.jpg 1024w, https:\/\/zsp16.wroclaw.pl\/p16wroclaw\/wp-content\/uploads\/2021\/12\/Grupa-I-3-768x432.jpg 768w, https:\/\/zsp16.wroclaw.pl\/p16wroclaw\/wp-content\/uploads\/2021\/12\/Grupa-I-3-1536x864.jpg 1536w, https:\/\/zsp16.wroclaw.pl\/p16wroclaw\/wp-content\/uploads\/2021\/12\/Grupa-I-3-2048x1152.jpg 2048w\" sizes=\"auto, (max-width: 500px) 100vw, 500px\" \/><figcaption id=\"caption-attachment-773\" class=\"wp-caption-text\">Dzieci segreguj\u0105 obrazki wg. kolor\u00f3w<\/figcaption><\/figure>\n","protected":false},"excerpt":{"rendered":"<p>\u201eKolorowe kredki w pude\u0142eczku nosz\u0119, kolorowe kredki bardzo lubi\u0105 mnie Kolorowe kredki, kiedy je poprosz\u0119, namaluj\u0105 wszystko to co chc\u0119.\u201d W poniedzia\u0142ek 22 listopada \u015bwi\u0119towali\u015bmy Dzie\u0144 Kredki. Powszechnie wiadomo, \u017ce&hellip;<\/p>\n","protected":false},"author":2,"featured_media":771,"comment_status":"closed","ping_status":"closed","sticky":false,"template":"","format":"standard","meta":{"footnotes":""},"categories":[19],"tags":[],"class_list":["post-770","post","type-post","status-publish","format-standard","has-post-thumbnail","hentry","category-wydarzylo-sie"],"_links":{"self":[{"href":"https:\/\/zsp16.wroclaw.pl\/p16wroclaw\/wp-json\/wp\/v2\/posts\/770","targetHints":{"allow":["GET"]}}],"collection":[{"href":"https:\/\/zsp16.wroclaw.pl\/p16wroclaw\/wp-json\/wp\/v2\/posts"}],"about":[{"href":"https:\/\/zsp16.wroclaw.pl\/p16wroclaw\/wp-json\/wp\/v2\/types\/post"}],"author":[{"embeddable":true,"href":"https:\/\/zsp16.wroclaw.pl\/p16wroclaw\/wp-json\/wp\/v2\/users\/2"}],"replies":[{"embeddable":true,"href":"https:\/\/zsp16.wroclaw.pl\/p16wroclaw\/wp-json\/wp\/v2\/comments?post=770"}],"version-history":[{"count":1,"href":"https:\/\/zsp16.wroclaw.pl\/p16wroclaw\/wp-json\/wp\/v2\/posts\/770\/revisions"}],"predecessor-version":[{"id":774,"href":"https:\/\/zsp16.wroclaw.pl\/p16wroclaw\/wp-json\/wp\/v2\/posts\/770\/revisions\/774"}],"wp:featuredmedia":[{"embeddable":true,"href":"https:\/\/zsp16.wroclaw.pl\/p16wroclaw\/wp-json\/wp\/v2\/media\/771"}],"wp:attachment":[{"href":"https:\/\/zsp16.wroclaw.pl\/p16wroclaw\/wp-json\/wp\/v2\/media?parent=770"}],"wp:term":[{"taxonomy":"category","embeddable":true,"href":"https:\/\/zsp16.wroclaw.pl\/p16wroclaw\/wp-json\/wp\/v2\/categories?post=770"},{"taxonomy":"post_tag","embeddable":true,"href":"https:\/\/zsp16.wroclaw.pl\/p16wroclaw\/wp-json\/wp\/v2\/tags?post=770"}],"curies":[{"name":"wp","href":"https:\/\/api.w.org\/{rel}","templated":true}]}}