{"id":874,"date":"2022-01-19T19:40:35","date_gmt":"2022-01-19T18:40:35","guid":{"rendered":"http:\/\/zsp16.wroclaw.pl\/p16wroclaw\/?p=874"},"modified":"2022-01-25T19:52:32","modified_gmt":"2022-01-25T18:52:32","slug":"pasowanie-na-przedszkolaka-w-grupie-i","status":"publish","type":"post","link":"https:\/\/zsp16.wroclaw.pl\/p16wroclaw\/2022\/01\/19\/pasowanie-na-przedszkolaka-w-grupie-i\/","title":{"rendered":"Pasowanie na przedszkolaka w grupie I"},"content":{"rendered":"<p>Najm\u0142odsza grupa dzieci z naszego przedszkola zosta\u0142a oficjalnie przyj\u0119ta do grona przedszkolak\u00f3w. Sta\u0142o si\u0119 podczas uroczystego pasowania oraz \u015blubowania z\u0142o\u017conego przez dzieci. By\u0142 to pierwszy tak wa\u017cny i podnios\u0142y debiut dzieci z grupy I. Zanim dzieci oficjalnie zosta\u0142y przedszkolakami, zaprezentowa\u0142y swoje umiej\u0119tno\u015bci artystyczne rozwijane w przedszkolu. \u015apiewa\u0142y piosenki i recytowa\u0142y wierszyki. Wyst\u0119py dzieci zosta\u0142y nagrodzone wielkimi brawami. Kolejnym punktem programu by\u0142o z\u0142o\u017cenie uroczystego \u015blubowania oraz pasowanie przyjemnym pluszowym o\u0142\u00f3wkiem, kt\u00f3rego dokona\u0142a pani wicedyrektor Ma\u0142gorzata Wo\u017aniak. Na pami\u0105tk\u0119 ka\u017cde dziecko otrzyma\u0142o dyplom i ksi\u0105\u017ck\u0119. Na koniec wykonali\u015bmy wsp\u00f3lne zdj\u0119cie, a w sali czeka\u0142 na dzieci s\u0142odki pocz\u0119stunek.<\/p>\n<figure id=\"attachment_875\" aria-describedby=\"caption-attachment-875\" style=\"width: 500px\" class=\"wp-caption alignleft\"><img loading=\"lazy\" decoding=\"async\" class=\"wp-image-875\" src=\"http:\/\/zsp16.wroclaw.pl\/p16wroclaw\/wp-content\/uploads\/2022\/01\/Grupa-I-1-1-300x225.jpg\" alt=\"Grupa I (1)\" width=\"500\" height=\"375\" srcset=\"https:\/\/zsp16.wroclaw.pl\/p16wroclaw\/wp-content\/uploads\/2022\/01\/Grupa-I-1-1-300x225.jpg 300w, https:\/\/zsp16.wroclaw.pl\/p16wroclaw\/wp-content\/uploads\/2022\/01\/Grupa-I-1-1-1024x768.jpg 1024w, https:\/\/zsp16.wroclaw.pl\/p16wroclaw\/wp-content\/uploads\/2022\/01\/Grupa-I-1-1-768x576.jpg 768w, https:\/\/zsp16.wroclaw.pl\/p16wroclaw\/wp-content\/uploads\/2022\/01\/Grupa-I-1-1-1536x1152.jpg 1536w, https:\/\/zsp16.wroclaw.pl\/p16wroclaw\/wp-content\/uploads\/2022\/01\/Grupa-I-1-1-2048x1536.jpg 2048w\" sizes=\"auto, (max-width: 500px) 100vw, 500px\" \/><figcaption id=\"caption-attachment-875\" class=\"wp-caption-text\">Wsp\u00f3lne zdj\u0119cie dzieci, kt\u00f3re dopiero co zosta\u0142y przyj\u0119te do grona przedszkolak\u00f3w.<\/figcaption><\/figure>\n<figure id=\"attachment_876\" aria-describedby=\"caption-attachment-876\" style=\"width: 500px\" class=\"wp-caption alignleft\"><img loading=\"lazy\" decoding=\"async\" class=\"wp-image-876\" src=\"http:\/\/zsp16.wroclaw.pl\/p16wroclaw\/wp-content\/uploads\/2022\/01\/Grupa-I-2-1-300x199.jpg\" alt=\"Grupa I (2)\" width=\"500\" height=\"331\" srcset=\"https:\/\/zsp16.wroclaw.pl\/p16wroclaw\/wp-content\/uploads\/2022\/01\/Grupa-I-2-1-300x199.jpg 300w, https:\/\/zsp16.wroclaw.pl\/p16wroclaw\/wp-content\/uploads\/2022\/01\/Grupa-I-2-1-1024x678.jpg 1024w, https:\/\/zsp16.wroclaw.pl\/p16wroclaw\/wp-content\/uploads\/2022\/01\/Grupa-I-2-1-768x509.jpg 768w, https:\/\/zsp16.wroclaw.pl\/p16wroclaw\/wp-content\/uploads\/2022\/01\/Grupa-I-2-1-1536x1017.jpg 1536w, https:\/\/zsp16.wroclaw.pl\/p16wroclaw\/wp-content\/uploads\/2022\/01\/Grupa-I-2-1-2048x1356.jpg 2048w, https:\/\/zsp16.wroclaw.pl\/p16wroclaw\/wp-content\/uploads\/2022\/01\/Grupa-I-2-1-150x100.jpg 150w\" sizes=\"auto, (max-width: 500px) 100vw, 500px\" \/><figcaption id=\"caption-attachment-876\" class=\"wp-caption-text\">Pani wicedyrektor pasuje Helenk\u0119 na przedszkolaka.<\/figcaption><\/figure>\n<figure id=\"attachment_877\" aria-describedby=\"caption-attachment-877\" style=\"width: 500px\" class=\"wp-caption alignleft\"><img loading=\"lazy\" decoding=\"async\" class=\"wp-image-877\" src=\"http:\/\/zsp16.wroclaw.pl\/p16wroclaw\/wp-content\/uploads\/2022\/01\/Grupa-I-3-JPG-300x199.jpg\" alt=\"Grupa I (3) JPG\" width=\"500\" height=\"331\" srcset=\"https:\/\/zsp16.wroclaw.pl\/p16wroclaw\/wp-content\/uploads\/2022\/01\/Grupa-I-3-JPG-300x199.jpg 300w, https:\/\/zsp16.wroclaw.pl\/p16wroclaw\/wp-content\/uploads\/2022\/01\/Grupa-I-3-JPG-1024x678.jpg 1024w, https:\/\/zsp16.wroclaw.pl\/p16wroclaw\/wp-content\/uploads\/2022\/01\/Grupa-I-3-JPG-768x509.jpg 768w, https:\/\/zsp16.wroclaw.pl\/p16wroclaw\/wp-content\/uploads\/2022\/01\/Grupa-I-3-JPG-1536x1017.jpg 1536w, https:\/\/zsp16.wroclaw.pl\/p16wroclaw\/wp-content\/uploads\/2022\/01\/Grupa-I-3-JPG-2048x1356.jpg 2048w, https:\/\/zsp16.wroclaw.pl\/p16wroclaw\/wp-content\/uploads\/2022\/01\/Grupa-I-3-JPG-150x100.jpg 150w\" sizes=\"auto, (max-width: 500px) 100vw, 500px\" \/><figcaption id=\"caption-attachment-877\" class=\"wp-caption-text\">Przedszkolaki podczas wyst\u0119pu &#8211; ta\u0144cz\u0105 &#8222;Polk\u0119 k\u0142aniank\u0119&#8221;.<\/figcaption><\/figure>\n<figure id=\"attachment_878\" aria-describedby=\"caption-attachment-878\" style=\"width: 500px\" class=\"wp-caption alignleft\"><img loading=\"lazy\" decoding=\"async\" class=\"wp-image-878\" src=\"http:\/\/zsp16.wroclaw.pl\/p16wroclaw\/wp-content\/uploads\/2022\/01\/Grupa-I-4-300x169.jpg\" alt=\"Grupa I (4)\" width=\"500\" height=\"281\" srcset=\"https:\/\/zsp16.wroclaw.pl\/p16wroclaw\/wp-content\/uploads\/2022\/01\/Grupa-I-4-300x169.jpg 300w, https:\/\/zsp16.wroclaw.pl\/p16wroclaw\/wp-content\/uploads\/2022\/01\/Grupa-I-4-1024x576.jpg 1024w, https:\/\/zsp16.wroclaw.pl\/p16wroclaw\/wp-content\/uploads\/2022\/01\/Grupa-I-4-768x432.jpg 768w, https:\/\/zsp16.wroclaw.pl\/p16wroclaw\/wp-content\/uploads\/2022\/01\/Grupa-I-4-1536x864.jpg 1536w, https:\/\/zsp16.wroclaw.pl\/p16wroclaw\/wp-content\/uploads\/2022\/01\/Grupa-I-4-2048x1152.jpg 2048w\" sizes=\"auto, (max-width: 500px) 100vw, 500px\" \/><figcaption id=\"caption-attachment-878\" class=\"wp-caption-text\">Przyj\u0119cie z okazji pasowania.<\/figcaption><\/figure>\n","protected":false},"excerpt":{"rendered":"<p>Najm\u0142odsza grupa dzieci z naszego przedszkola zosta\u0142a oficjalnie przyj\u0119ta do grona przedszkolak\u00f3w. Sta\u0142o si\u0119 podczas uroczystego pasowania oraz \u015blubowania z\u0142o\u017conego przez dzieci. By\u0142 to pierwszy tak wa\u017cny i podnios\u0142y debiut&hellip;<\/p>\n","protected":false},"author":2,"featured_media":875,"comment_status":"closed","ping_status":"closed","sticky":false,"template":"","format":"standard","meta":{"footnotes":""},"categories":[19],"tags":[],"class_list":["post-874","post","type-post","status-publish","format-standard","has-post-thumbnail","hentry","category-wydarzylo-sie"],"_links":{"self":[{"href":"https:\/\/zsp16.wroclaw.pl\/p16wroclaw\/wp-json\/wp\/v2\/posts\/874","targetHints":{"allow":["GET"]}}],"collection":[{"href":"https:\/\/zsp16.wroclaw.pl\/p16wroclaw\/wp-json\/wp\/v2\/posts"}],"about":[{"href":"https:\/\/zsp16.wroclaw.pl\/p16wroclaw\/wp-json\/wp\/v2\/types\/post"}],"author":[{"embeddable":true,"href":"https:\/\/zsp16.wroclaw.pl\/p16wroclaw\/wp-json\/wp\/v2\/users\/2"}],"replies":[{"embeddable":true,"href":"https:\/\/zsp16.wroclaw.pl\/p16wroclaw\/wp-json\/wp\/v2\/comments?post=874"}],"version-history":[{"count":4,"href":"https:\/\/zsp16.wroclaw.pl\/p16wroclaw\/wp-json\/wp\/v2\/posts\/874\/revisions"}],"predecessor-version":[{"id":882,"href":"https:\/\/zsp16.wroclaw.pl\/p16wroclaw\/wp-json\/wp\/v2\/posts\/874\/revisions\/882"}],"wp:featuredmedia":[{"embeddable":true,"href":"https:\/\/zsp16.wroclaw.pl\/p16wroclaw\/wp-json\/wp\/v2\/media\/875"}],"wp:attachment":[{"href":"https:\/\/zsp16.wroclaw.pl\/p16wroclaw\/wp-json\/wp\/v2\/media?parent=874"}],"wp:term":[{"taxonomy":"category","embeddable":true,"href":"https:\/\/zsp16.wroclaw.pl\/p16wroclaw\/wp-json\/wp\/v2\/categories?post=874"},{"taxonomy":"post_tag","embeddable":true,"href":"https:\/\/zsp16.wroclaw.pl\/p16wroclaw\/wp-json\/wp\/v2\/tags?post=874"}],"curies":[{"name":"wp","href":"https:\/\/api.w.org\/{rel}","templated":true}]}}