{"id":886,"date":"2022-01-27T09:30:38","date_gmt":"2022-01-27T08:30:38","guid":{"rendered":"http:\/\/zsp16.wroclaw.pl\/p16wroclaw\/?p=886"},"modified":"2022-02-09T09:45:24","modified_gmt":"2022-02-09T08:45:24","slug":"dzien-babci-i-dziadka-w-grupie-i-ii-i-iii","status":"publish","type":"post","link":"https:\/\/zsp16.wroclaw.pl\/p16wroclaw\/2022\/01\/27\/dzien-babci-i-dziadka-w-grupie-i-ii-i-iii\/","title":{"rendered":"Dzie\u0144 Babci i Dziadka w Grupie I, II i III"},"content":{"rendered":"<p>W\u00a0najch\u0142odniejszej porze roku w\u00a0naszym przedszkolu odby\u0142o si\u0119 najcieplejsze \u015bwi\u0119to \u2013 Dzie\u0144 Babci i\u00a0Dziadka. Dzieci zaprezentowa\u0142y kr\u00f3tki program artystyczny, kt\u00f3ry, ze wzgl\u0119du na sytuacj\u0119 epidemiczn\u0105 oraz obostrzenia panuj\u0105ce w przedszkolu, zosta\u0142 nagrany. Dzieciaki pi\u0119knie recytowali wiersze oraz \u015bpiewali piosenki. Poza tym zabra\u0142y do domu upominki, kt\u00f3re wykona\u0142y\u00a0w\u00a0przedszkolu, aby je wr\u0119czy\u0107 osobi\u015bcie.<\/p>\n<p>Babciu, Dziadku\u00a0\u017cyczymy Wam zdrowia, szcz\u0119\u015bcia, pomy\u015blno\u015bci, stu lat \u017cycia i rado\u015bci!<\/p>\n<figure id=\"attachment_887\" aria-describedby=\"caption-attachment-887\" style=\"width: 500px\" class=\"wp-caption alignleft\"><img loading=\"lazy\" decoding=\"async\" class=\"wp-image-887\" src=\"http:\/\/zsp16.wroclaw.pl\/p16wroclaw\/wp-content\/uploads\/2022\/02\/1-300x199.jpg\" alt=\"1\" width=\"500\" height=\"331\" srcset=\"https:\/\/zsp16.wroclaw.pl\/p16wroclaw\/wp-content\/uploads\/2022\/02\/1-300x199.jpg 300w, https:\/\/zsp16.wroclaw.pl\/p16wroclaw\/wp-content\/uploads\/2022\/02\/1-1024x678.jpg 1024w, https:\/\/zsp16.wroclaw.pl\/p16wroclaw\/wp-content\/uploads\/2022\/02\/1-768x509.jpg 768w, https:\/\/zsp16.wroclaw.pl\/p16wroclaw\/wp-content\/uploads\/2022\/02\/1-1536x1017.jpg 1536w, https:\/\/zsp16.wroclaw.pl\/p16wroclaw\/wp-content\/uploads\/2022\/02\/1-2048x1356.jpg 2048w, https:\/\/zsp16.wroclaw.pl\/p16wroclaw\/wp-content\/uploads\/2022\/02\/1-150x100.jpg 150w\" sizes=\"auto, (max-width: 500px) 100vw, 500px\" \/><figcaption id=\"caption-attachment-887\" class=\"wp-caption-text\">Grupa I podczas nagrania piosenki dla Babci i Dziadka<\/figcaption><\/figure>\n<figure id=\"attachment_888\" aria-describedby=\"caption-attachment-888\" style=\"width: 500px\" class=\"wp-caption alignleft\"><img loading=\"lazy\" decoding=\"async\" class=\"wp-image-888\" src=\"http:\/\/zsp16.wroclaw.pl\/p16wroclaw\/wp-content\/uploads\/2022\/02\/2-300x168.jpeg\" alt=\"2\" width=\"500\" height=\"280\" srcset=\"https:\/\/zsp16.wroclaw.pl\/p16wroclaw\/wp-content\/uploads\/2022\/02\/2-300x168.jpeg 300w, https:\/\/zsp16.wroclaw.pl\/p16wroclaw\/wp-content\/uploads\/2022\/02\/2-1024x573.jpeg 1024w, https:\/\/zsp16.wroclaw.pl\/p16wroclaw\/wp-content\/uploads\/2022\/02\/2-768x430.jpeg 768w, https:\/\/zsp16.wroclaw.pl\/p16wroclaw\/wp-content\/uploads\/2022\/02\/2-1536x859.jpeg 1536w, https:\/\/zsp16.wroclaw.pl\/p16wroclaw\/wp-content\/uploads\/2022\/02\/2-2048x1145.jpeg 2048w\" sizes=\"auto, (max-width: 500px) 100vw, 500px\" \/><figcaption id=\"caption-attachment-888\" class=\"wp-caption-text\">Grupa II podczas wyst\u0119pu dla kochanych dziadk\u00f3w<\/figcaption><\/figure>\n","protected":false},"excerpt":{"rendered":"<p>W\u00a0najch\u0142odniejszej porze roku w\u00a0naszym przedszkolu odby\u0142o si\u0119 najcieplejsze \u015bwi\u0119to \u2013 Dzie\u0144 Babci i\u00a0Dziadka. Dzieci zaprezentowa\u0142y kr\u00f3tki program artystyczny, kt\u00f3ry, ze wzgl\u0119du na sytuacj\u0119 epidemiczn\u0105 oraz obostrzenia panuj\u0105ce w przedszkolu, zosta\u0142&hellip;<\/p>\n","protected":false},"author":2,"featured_media":888,"comment_status":"closed","ping_status":"closed","sticky":false,"template":"","format":"standard","meta":{"footnotes":""},"categories":[19],"tags":[],"class_list":["post-886","post","type-post","status-publish","format-standard","has-post-thumbnail","hentry","category-wydarzylo-sie"],"_links":{"self":[{"href":"https:\/\/zsp16.wroclaw.pl\/p16wroclaw\/wp-json\/wp\/v2\/posts\/886","targetHints":{"allow":["GET"]}}],"collection":[{"href":"https:\/\/zsp16.wroclaw.pl\/p16wroclaw\/wp-json\/wp\/v2\/posts"}],"about":[{"href":"https:\/\/zsp16.wroclaw.pl\/p16wroclaw\/wp-json\/wp\/v2\/types\/post"}],"author":[{"embeddable":true,"href":"https:\/\/zsp16.wroclaw.pl\/p16wroclaw\/wp-json\/wp\/v2\/users\/2"}],"replies":[{"embeddable":true,"href":"https:\/\/zsp16.wroclaw.pl\/p16wroclaw\/wp-json\/wp\/v2\/comments?post=886"}],"version-history":[{"count":1,"href":"https:\/\/zsp16.wroclaw.pl\/p16wroclaw\/wp-json\/wp\/v2\/posts\/886\/revisions"}],"predecessor-version":[{"id":889,"href":"https:\/\/zsp16.wroclaw.pl\/p16wroclaw\/wp-json\/wp\/v2\/posts\/886\/revisions\/889"}],"wp:featuredmedia":[{"embeddable":true,"href":"https:\/\/zsp16.wroclaw.pl\/p16wroclaw\/wp-json\/wp\/v2\/media\/888"}],"wp:attachment":[{"href":"https:\/\/zsp16.wroclaw.pl\/p16wroclaw\/wp-json\/wp\/v2\/media?parent=886"}],"wp:term":[{"taxonomy":"category","embeddable":true,"href":"https:\/\/zsp16.wroclaw.pl\/p16wroclaw\/wp-json\/wp\/v2\/categories?post=886"},{"taxonomy":"post_tag","embeddable":true,"href":"https:\/\/zsp16.wroclaw.pl\/p16wroclaw\/wp-json\/wp\/v2\/tags?post=886"}],"curies":[{"name":"wp","href":"https:\/\/api.w.org\/{rel}","templated":true}]}}