{"id":890,"date":"2022-02-01T09:50:53","date_gmt":"2022-02-01T08:50:53","guid":{"rendered":"http:\/\/zsp16.wroclaw.pl\/p16wroclaw\/?p=890"},"modified":"2022-02-09T09:57:45","modified_gmt":"2022-02-09T08:57:45","slug":"dzien-lego","status":"publish","type":"post","link":"https:\/\/zsp16.wroclaw.pl\/p16wroclaw\/2022\/02\/01\/dzien-lego\/","title":{"rendered":"Dzie\u0144 LEGO"},"content":{"rendered":"<p>Przedszkolaki z grupy II oraz V obchodzi\u0142y Mi\u0119dzynarodowy Dzie\u0144 LEGO przypadaj\u0105cy 28 stycznia. W tym dniu motywem przewodnim sta\u0142y si\u0119 klocki. Dzieci obejrza\u0142y film edukacyjny \u201e80 lat firmy LEGO\u201d, z kt\u00f3rego dowiedzia\u0142y si\u0119 szczeg\u00f3\u0142\u00f3w na temat powstania oraz istnienia firmy tworz\u0105cej klocki, kt\u00f3re podbi\u0142y serca milion\u00f3w dzieci oraz doros\u0142ych. Ponadto dzieci segregowa\u0142y klocki wed\u0142ug \u00a0kolor\u00f3w, doskonali\u0142y umiej\u0119tno\u015b\u0107 dodawania i przeliczania, uk\u0142ada\u0142y klocki wed\u0142ug podanej sekwencji, odwzorowywa\u0142y u\u0142o\u017cenie klock\u00f3w wed\u0142ug wzoru, kolorowa\u0142y figurk\u0119 LEGO. Mi\u0119dzynarodowy Dzie\u0144 Klock\u00f3w LEGO by\u0142 wspania\u0142\u0105 okazj\u0105 do zabaw konstrukcyjnych tym rodzajem klock\u00f3w. Tego dnia w naszym przedszkolu powsta\u0142o wiele niesamowitych budowli.<\/p>\n<figure id=\"attachment_896\" aria-describedby=\"caption-attachment-896\" style=\"width: 500px\" class=\"wp-caption alignleft\"><img loading=\"lazy\" decoding=\"async\" class=\"wp-image-896\" src=\"http:\/\/zsp16.wroclaw.pl\/p16wroclaw\/wp-content\/uploads\/2022\/02\/1-300x225.jpeg\" alt=\"(1)\" width=\"500\" height=\"375\" srcset=\"https:\/\/zsp16.wroclaw.pl\/p16wroclaw\/wp-content\/uploads\/2022\/02\/1-300x225.jpeg 300w, https:\/\/zsp16.wroclaw.pl\/p16wroclaw\/wp-content\/uploads\/2022\/02\/1-1024x768.jpeg 1024w, https:\/\/zsp16.wroclaw.pl\/p16wroclaw\/wp-content\/uploads\/2022\/02\/1-768x576.jpeg 768w, https:\/\/zsp16.wroclaw.pl\/p16wroclaw\/wp-content\/uploads\/2022\/02\/1-1536x1152.jpeg 1536w, https:\/\/zsp16.wroclaw.pl\/p16wroclaw\/wp-content\/uploads\/2022\/02\/1-2048x1536.jpeg 2048w\" sizes=\"auto, (max-width: 500px) 100vw, 500px\" \/><figcaption id=\"caption-attachment-896\" class=\"wp-caption-text\">Przedszkolaki z grupy II z nauczycielk\u0105.<\/figcaption><\/figure>\n<figure id=\"attachment_895\" aria-describedby=\"caption-attachment-895\" style=\"width: 500px\" class=\"wp-caption alignleft\"><img loading=\"lazy\" decoding=\"async\" class=\"wp-image-895\" src=\"http:\/\/zsp16.wroclaw.pl\/p16wroclaw\/wp-content\/uploads\/2022\/02\/2-1-225x300.jpeg\" alt=\"(2)\" width=\"500\" height=\"667\" srcset=\"https:\/\/zsp16.wroclaw.pl\/p16wroclaw\/wp-content\/uploads\/2022\/02\/2-1-225x300.jpeg 225w, https:\/\/zsp16.wroclaw.pl\/p16wroclaw\/wp-content\/uploads\/2022\/02\/2-1-768x1024.jpeg 768w, https:\/\/zsp16.wroclaw.pl\/p16wroclaw\/wp-content\/uploads\/2022\/02\/2-1-1152x1536.jpeg 1152w, https:\/\/zsp16.wroclaw.pl\/p16wroclaw\/wp-content\/uploads\/2022\/02\/2-1-1536x2048.jpeg 1536w, https:\/\/zsp16.wroclaw.pl\/p16wroclaw\/wp-content\/uploads\/2022\/02\/2-1-scaled.jpeg 1920w\" sizes=\"auto, (max-width: 500px) 100vw, 500px\" \/><figcaption id=\"caption-attachment-895\" class=\"wp-caption-text\">Przedszkolaki z grupy II uk\u0142adaj\u0105ce klocki wed\u0142ug wzoru.<\/figcaption><\/figure>\n<figure id=\"attachment_894\" aria-describedby=\"caption-attachment-894\" style=\"width: 500px\" class=\"wp-caption alignleft\"><img loading=\"lazy\" decoding=\"async\" class=\"wp-image-894\" src=\"http:\/\/zsp16.wroclaw.pl\/p16wroclaw\/wp-content\/uploads\/2022\/02\/4-225x300.jpeg\" alt=\"(4)\" width=\"500\" height=\"667\" srcset=\"https:\/\/zsp16.wroclaw.pl\/p16wroclaw\/wp-content\/uploads\/2022\/02\/4-225x300.jpeg 225w, https:\/\/zsp16.wroclaw.pl\/p16wroclaw\/wp-content\/uploads\/2022\/02\/4-768x1024.jpeg 768w, https:\/\/zsp16.wroclaw.pl\/p16wroclaw\/wp-content\/uploads\/2022\/02\/4-1152x1536.jpeg 1152w, https:\/\/zsp16.wroclaw.pl\/p16wroclaw\/wp-content\/uploads\/2022\/02\/4-1536x2048.jpeg 1536w, https:\/\/zsp16.wroclaw.pl\/p16wroclaw\/wp-content\/uploads\/2022\/02\/4-scaled.jpeg 1920w\" sizes=\"auto, (max-width: 500px) 100vw, 500px\" \/><figcaption id=\"caption-attachment-894\" class=\"wp-caption-text\">Dzieci z grupy II segreguj\u0105ce klocki wed\u0142ug kolor\u00f3w.<\/figcaption><\/figure>\n<figure id=\"attachment_893\" aria-describedby=\"caption-attachment-893\" style=\"width: 500px\" class=\"wp-caption alignleft\"><img loading=\"lazy\" decoding=\"async\" class=\"wp-image-893\" src=\"http:\/\/zsp16.wroclaw.pl\/p16wroclaw\/wp-content\/uploads\/2022\/02\/3-225x300.jpeg\" alt=\"(3)\" width=\"500\" height=\"667\" srcset=\"https:\/\/zsp16.wroclaw.pl\/p16wroclaw\/wp-content\/uploads\/2022\/02\/3-225x300.jpeg 225w, https:\/\/zsp16.wroclaw.pl\/p16wroclaw\/wp-content\/uploads\/2022\/02\/3-768x1024.jpeg 768w, https:\/\/zsp16.wroclaw.pl\/p16wroclaw\/wp-content\/uploads\/2022\/02\/3-1152x1536.jpeg 1152w, https:\/\/zsp16.wroclaw.pl\/p16wroclaw\/wp-content\/uploads\/2022\/02\/3-1536x2048.jpeg 1536w, https:\/\/zsp16.wroclaw.pl\/p16wroclaw\/wp-content\/uploads\/2022\/02\/3-scaled.jpeg 1920w\" sizes=\"auto, (max-width: 500px) 100vw, 500px\" \/><figcaption id=\"caption-attachment-893\" class=\"wp-caption-text\">Przedszkolaki z grupy II uk\u0142adaj\u0105ce klocki wed\u0142ug wzoru.<\/figcaption><\/figure>\n<figure id=\"attachment_891\" aria-describedby=\"caption-attachment-891\" style=\"width: 500px\" class=\"wp-caption alignleft\"><img loading=\"lazy\" decoding=\"async\" class=\"wp-image-891\" src=\"http:\/\/zsp16.wroclaw.pl\/p16wroclaw\/wp-content\/uploads\/2022\/02\/6-300x225.jpeg\" alt=\"(6)\" width=\"500\" height=\"375\" srcset=\"https:\/\/zsp16.wroclaw.pl\/p16wroclaw\/wp-content\/uploads\/2022\/02\/6-300x225.jpeg 300w, https:\/\/zsp16.wroclaw.pl\/p16wroclaw\/wp-content\/uploads\/2022\/02\/6-1024x768.jpeg 1024w, https:\/\/zsp16.wroclaw.pl\/p16wroclaw\/wp-content\/uploads\/2022\/02\/6-768x576.jpeg 768w, https:\/\/zsp16.wroclaw.pl\/p16wroclaw\/wp-content\/uploads\/2022\/02\/6-1536x1152.jpeg 1536w, https:\/\/zsp16.wroclaw.pl\/p16wroclaw\/wp-content\/uploads\/2022\/02\/6.jpeg 2048w\" sizes=\"auto, (max-width: 500px) 100vw, 500px\" \/><figcaption id=\"caption-attachment-891\" class=\"wp-caption-text\">Dzieci z grupy V z plakatem przedstawiaj\u0105cym logo firmy LEGO.<\/figcaption><\/figure>\n<figure id=\"attachment_892\" aria-describedby=\"caption-attachment-892\" style=\"width: 500px\" class=\"wp-caption alignleft\"><img loading=\"lazy\" decoding=\"async\" class=\"wp-image-892\" src=\"http:\/\/zsp16.wroclaw.pl\/p16wroclaw\/wp-content\/uploads\/2022\/02\/5-225x300.jpeg\" alt=\"(5)\" width=\"500\" height=\"667\" srcset=\"https:\/\/zsp16.wroclaw.pl\/p16wroclaw\/wp-content\/uploads\/2022\/02\/5-225x300.jpeg 225w, https:\/\/zsp16.wroclaw.pl\/p16wroclaw\/wp-content\/uploads\/2022\/02\/5-768x1024.jpeg 768w, https:\/\/zsp16.wroclaw.pl\/p16wroclaw\/wp-content\/uploads\/2022\/02\/5-1152x1536.jpeg 1152w, https:\/\/zsp16.wroclaw.pl\/p16wroclaw\/wp-content\/uploads\/2022\/02\/5.jpeg 1536w\" sizes=\"auto, (max-width: 500px) 100vw, 500px\" \/><figcaption id=\"caption-attachment-892\" class=\"wp-caption-text\">Dziewczynka podczas zabawy klockami LEGO.<\/figcaption><\/figure>\n","protected":false},"excerpt":{"rendered":"<p>Przedszkolaki z grupy II oraz V obchodzi\u0142y Mi\u0119dzynarodowy Dzie\u0144 LEGO przypadaj\u0105cy 28 stycznia. W tym dniu motywem przewodnim sta\u0142y si\u0119 klocki. Dzieci obejrza\u0142y film edukacyjny \u201e80 lat firmy LEGO\u201d, z&hellip;<\/p>\n","protected":false},"author":2,"featured_media":891,"comment_status":"closed","ping_status":"closed","sticky":false,"template":"","format":"standard","meta":{"footnotes":""},"categories":[19],"tags":[],"class_list":["post-890","post","type-post","status-publish","format-standard","has-post-thumbnail","hentry","category-wydarzylo-sie"],"_links":{"self":[{"href":"https:\/\/zsp16.wroclaw.pl\/p16wroclaw\/wp-json\/wp\/v2\/posts\/890","targetHints":{"allow":["GET"]}}],"collection":[{"href":"https:\/\/zsp16.wroclaw.pl\/p16wroclaw\/wp-json\/wp\/v2\/posts"}],"about":[{"href":"https:\/\/zsp16.wroclaw.pl\/p16wroclaw\/wp-json\/wp\/v2\/types\/post"}],"author":[{"embeddable":true,"href":"https:\/\/zsp16.wroclaw.pl\/p16wroclaw\/wp-json\/wp\/v2\/users\/2"}],"replies":[{"embeddable":true,"href":"https:\/\/zsp16.wroclaw.pl\/p16wroclaw\/wp-json\/wp\/v2\/comments?post=890"}],"version-history":[{"count":1,"href":"https:\/\/zsp16.wroclaw.pl\/p16wroclaw\/wp-json\/wp\/v2\/posts\/890\/revisions"}],"predecessor-version":[{"id":897,"href":"https:\/\/zsp16.wroclaw.pl\/p16wroclaw\/wp-json\/wp\/v2\/posts\/890\/revisions\/897"}],"wp:featuredmedia":[{"embeddable":true,"href":"https:\/\/zsp16.wroclaw.pl\/p16wroclaw\/wp-json\/wp\/v2\/media\/891"}],"wp:attachment":[{"href":"https:\/\/zsp16.wroclaw.pl\/p16wroclaw\/wp-json\/wp\/v2\/media?parent=890"}],"wp:term":[{"taxonomy":"category","embeddable":true,"href":"https:\/\/zsp16.wroclaw.pl\/p16wroclaw\/wp-json\/wp\/v2\/categories?post=890"},{"taxonomy":"post_tag","embeddable":true,"href":"https:\/\/zsp16.wroclaw.pl\/p16wroclaw\/wp-json\/wp\/v2\/tags?post=890"}],"curies":[{"name":"wp","href":"https:\/\/api.w.org\/{rel}","templated":true}]}}