{"id":902,"date":"2022-01-28T20:20:52","date_gmt":"2022-01-28T19:20:52","guid":{"rendered":"http:\/\/zsp16.wroclaw.pl\/p16wroclaw\/?p=902"},"modified":"2022-02-09T11:00:53","modified_gmt":"2022-02-09T10:00:53","slug":"dzien-babci-i-dziadka-w-gr-iv","status":"publish","type":"post","link":"https:\/\/zsp16.wroclaw.pl\/p16wroclaw\/2022\/01\/28\/dzien-babci-i-dziadka-w-gr-iv\/","title":{"rendered":"Dzie\u0144 Babci i Dziadka w gr. IV"},"content":{"rendered":"<p>Babcia i Dziadek to s\u0142owa, kt\u00f3re ka\u017cdemu dziecku kojarz\u0105 si\u0119 z ciep\u0142em, mi\u0142o\u015bci\u0105 i wszystkim, co dobre. Ich dzie\u0144 to wielkie \u015bwi\u0119to, szczeg\u00f3lnie wyczekiwane i hucznie obchodzone w przedszkolach. Dzieci z grupy IV z wypiekami na twarzy przygotowa\u0142y przedstawienie, \u017ceby poprzez \u015bpiew, taniec, wiersze i drobne upominki podzi\u0119kowa\u0107 Babci i Dziadkowi za WSZYSTKO! Niestety z powodu pandemii dziadkowie zamiast na widowni, zasi\u0105d\u0105 przed ekranem w swoich domach, \u017ceby obejrze\u0107 wyst\u0119p wnucz\u0105t. Niemniej jednak, dzieci postara\u0142y si\u0119, jak najlepiej potrafi\u0142y, a film z uroczysto\u015bci b\u0119dzie dla dziadk\u00f3w wspania\u0142ym prezentem oraz pami\u0105tk\u0105 na lata.<\/p>\n<figure id=\"attachment_903\" aria-describedby=\"caption-attachment-903\" style=\"width: 500px\" class=\"wp-caption alignleft\"><img loading=\"lazy\" decoding=\"async\" class=\"wp-image-903\" src=\"http:\/\/zsp16.wroclaw.pl\/p16wroclaw\/wp-content\/uploads\/2022\/02\/IMG_8306-300x225.jpg\" alt=\"IMG_8306\" width=\"500\" height=\"375\" srcset=\"https:\/\/zsp16.wroclaw.pl\/p16wroclaw\/wp-content\/uploads\/2022\/02\/IMG_8306-300x225.jpg 300w, https:\/\/zsp16.wroclaw.pl\/p16wroclaw\/wp-content\/uploads\/2022\/02\/IMG_8306-1024x768.jpg 1024w, https:\/\/zsp16.wroclaw.pl\/p16wroclaw\/wp-content\/uploads\/2022\/02\/IMG_8306-768x576.jpg 768w, https:\/\/zsp16.wroclaw.pl\/p16wroclaw\/wp-content\/uploads\/2022\/02\/IMG_8306-1536x1152.jpg 1536w, https:\/\/zsp16.wroclaw.pl\/p16wroclaw\/wp-content\/uploads\/2022\/02\/IMG_8306-2048x1536.jpg 2048w\" sizes=\"auto, (max-width: 500px) 100vw, 500px\" \/><figcaption id=\"caption-attachment-903\" class=\"wp-caption-text\">Dzieci z grupy IV po wyst\u0119pie z okazji Dnia Babci i Dziadka z wychowawczyniami.<\/figcaption><\/figure>\n","protected":false},"excerpt":{"rendered":"<p>Babcia i Dziadek to s\u0142owa, kt\u00f3re ka\u017cdemu dziecku kojarz\u0105 si\u0119 z ciep\u0142em, mi\u0142o\u015bci\u0105 i wszystkim, co dobre. Ich dzie\u0144 to wielkie \u015bwi\u0119to, szczeg\u00f3lnie wyczekiwane i hucznie obchodzone w przedszkolach. Dzieci&hellip;<\/p>\n","protected":false},"author":2,"featured_media":903,"comment_status":"closed","ping_status":"closed","sticky":false,"template":"","format":"standard","meta":{"footnotes":""},"categories":[19],"tags":[],"class_list":["post-902","post","type-post","status-publish","format-standard","has-post-thumbnail","hentry","category-wydarzylo-sie"],"_links":{"self":[{"href":"https:\/\/zsp16.wroclaw.pl\/p16wroclaw\/wp-json\/wp\/v2\/posts\/902","targetHints":{"allow":["GET"]}}],"collection":[{"href":"https:\/\/zsp16.wroclaw.pl\/p16wroclaw\/wp-json\/wp\/v2\/posts"}],"about":[{"href":"https:\/\/zsp16.wroclaw.pl\/p16wroclaw\/wp-json\/wp\/v2\/types\/post"}],"author":[{"embeddable":true,"href":"https:\/\/zsp16.wroclaw.pl\/p16wroclaw\/wp-json\/wp\/v2\/users\/2"}],"replies":[{"embeddable":true,"href":"https:\/\/zsp16.wroclaw.pl\/p16wroclaw\/wp-json\/wp\/v2\/comments?post=902"}],"version-history":[{"count":1,"href":"https:\/\/zsp16.wroclaw.pl\/p16wroclaw\/wp-json\/wp\/v2\/posts\/902\/revisions"}],"predecessor-version":[{"id":904,"href":"https:\/\/zsp16.wroclaw.pl\/p16wroclaw\/wp-json\/wp\/v2\/posts\/902\/revisions\/904"}],"wp:featuredmedia":[{"embeddable":true,"href":"https:\/\/zsp16.wroclaw.pl\/p16wroclaw\/wp-json\/wp\/v2\/media\/903"}],"wp:attachment":[{"href":"https:\/\/zsp16.wroclaw.pl\/p16wroclaw\/wp-json\/wp\/v2\/media?parent=902"}],"wp:term":[{"taxonomy":"category","embeddable":true,"href":"https:\/\/zsp16.wroclaw.pl\/p16wroclaw\/wp-json\/wp\/v2\/categories?post=902"},{"taxonomy":"post_tag","embeddable":true,"href":"https:\/\/zsp16.wroclaw.pl\/p16wroclaw\/wp-json\/wp\/v2\/tags?post=902"}],"curies":[{"name":"wp","href":"https:\/\/api.w.org\/{rel}","templated":true}]}}