{"id":935,"date":"2022-02-13T15:00:11","date_gmt":"2022-02-13T14:00:11","guid":{"rendered":"http:\/\/zsp16.wroclaw.pl\/p16wroclaw\/?p=935"},"modified":"2022-02-16T19:58:51","modified_gmt":"2022-02-16T18:58:51","slug":"europejski-dzien-numeru-alarmowego-112-w-grupie-i-i-ii","status":"publish","type":"post","link":"https:\/\/zsp16.wroclaw.pl\/p16wroclaw\/2022\/02\/13\/europejski-dzien-numeru-alarmowego-112-w-grupie-i-i-ii\/","title":{"rendered":"Europejski Dzie\u0144 Numeru Alarmowego 112 w grupie I i II"},"content":{"rendered":"<p>11 lutego obchodzony jest\u00a0<em>Europejski Dzie\u0144 Numeru Alarmowego 112.<\/em>\u00a0To bardzo wa\u017cny numer telefoniczny, o\u00a0kt\u00f3rym powinien wiedzie\u0107 ka\u017cdy cz\u0142owiek, nawet ten najmniejszy. R\u00f3wnie\u017c dzieciaki z I i II grupy zosta\u0142y zapoznane z numerem alarmowym 112, kt\u00f3ry umo\u017cliwia bezp\u0142atne po\u0142\u0105czenie ze s\u0142u\u017cbami ratowniczymi o ka\u017cdej porze dnia i nocy. Przedszkolaki m.in. wys\u0142ucha\u0142y wierszy o numerach alarmowych, obejrza\u0142y film edukacyjny, rozwi\u0105zywa\u0142y zagadki dotycz\u0105ce stra\u017cy po\u017carnej, pogotowia oraz policji. Dobiera\u0142y w pary numer alarmowy z pojazdem s\u0142u\u017cb oraz osoby pracuj\u0105ce w nich. A na koniec bardzo dobrze odnale\u017ali si\u0119 w zabawie \u201cZg\u0142oszenia\u201d, gdzie odgadywa\u0142y w jakich zdarzeniach potrzebna jest stra\u017c po\u017carna, ambulans, a w jakich policja. Na zako\u0144czenie zaj\u0119\u0107 na ka\u017cde dziecko czeka\u0142 dyplom.<\/p>\n<figure id=\"attachment_939\" aria-describedby=\"caption-attachment-939\" style=\"width: 500px\" class=\"wp-caption alignleft\"><img loading=\"lazy\" decoding=\"async\" class=\"wp-image-939\" src=\"http:\/\/zsp16.wroclaw.pl\/p16wroclaw\/wp-content\/uploads\/2022\/02\/Grupa-II-1-300x225.jpg\" alt=\"Grupa II (1)\" width=\"500\" height=\"375\" srcset=\"https:\/\/zsp16.wroclaw.pl\/p16wroclaw\/wp-content\/uploads\/2022\/02\/Grupa-II-1-300x225.jpg 300w, https:\/\/zsp16.wroclaw.pl\/p16wroclaw\/wp-content\/uploads\/2022\/02\/Grupa-II-1-1024x768.jpg 1024w, https:\/\/zsp16.wroclaw.pl\/p16wroclaw\/wp-content\/uploads\/2022\/02\/Grupa-II-1-768x576.jpg 768w, https:\/\/zsp16.wroclaw.pl\/p16wroclaw\/wp-content\/uploads\/2022\/02\/Grupa-II-1-1536x1152.jpg 1536w, https:\/\/zsp16.wroclaw.pl\/p16wroclaw\/wp-content\/uploads\/2022\/02\/Grupa-II-1.jpg 2000w\" sizes=\"auto, (max-width: 500px) 100vw, 500px\" \/><figcaption id=\"caption-attachment-939\" class=\"wp-caption-text\">Dzie\u0144 numeru alarmowego w grupie II<\/figcaption><\/figure>\n<figure id=\"attachment_938\" aria-describedby=\"caption-attachment-938\" style=\"width: 500px\" class=\"wp-caption alignleft\"><img loading=\"lazy\" decoding=\"async\" class=\"wp-image-938\" src=\"http:\/\/zsp16.wroclaw.pl\/p16wroclaw\/wp-content\/uploads\/2022\/02\/Grupa-I-2-300x169.jpg\" alt=\"Grupa I (2)\" width=\"500\" height=\"281\" srcset=\"https:\/\/zsp16.wroclaw.pl\/p16wroclaw\/wp-content\/uploads\/2022\/02\/Grupa-I-2-300x169.jpg 300w, https:\/\/zsp16.wroclaw.pl\/p16wroclaw\/wp-content\/uploads\/2022\/02\/Grupa-I-2-1024x576.jpg 1024w, https:\/\/zsp16.wroclaw.pl\/p16wroclaw\/wp-content\/uploads\/2022\/02\/Grupa-I-2-768x432.jpg 768w, https:\/\/zsp16.wroclaw.pl\/p16wroclaw\/wp-content\/uploads\/2022\/02\/Grupa-I-2-1536x864.jpg 1536w, https:\/\/zsp16.wroclaw.pl\/p16wroclaw\/wp-content\/uploads\/2022\/02\/Grupa-I-2-2048x1152.jpg 2048w\" sizes=\"auto, (max-width: 500px) 100vw, 500px\" \/><figcaption id=\"caption-attachment-938\" class=\"wp-caption-text\">Dzie\u0144 numeru alarmowego w grupie I<\/figcaption><\/figure>\n<figure id=\"attachment_937\" aria-describedby=\"caption-attachment-937\" style=\"width: 500px\" class=\"wp-caption alignleft\"><img loading=\"lazy\" decoding=\"async\" class=\"wp-image-937\" src=\"http:\/\/zsp16.wroclaw.pl\/p16wroclaw\/wp-content\/uploads\/2022\/02\/Grupa-II-3-300x225.jpg\" alt=\"Grupa II (3)\" width=\"500\" height=\"375\" srcset=\"https:\/\/zsp16.wroclaw.pl\/p16wroclaw\/wp-content\/uploads\/2022\/02\/Grupa-II-3-300x225.jpg 300w, https:\/\/zsp16.wroclaw.pl\/p16wroclaw\/wp-content\/uploads\/2022\/02\/Grupa-II-3-1024x768.jpg 1024w, https:\/\/zsp16.wroclaw.pl\/p16wroclaw\/wp-content\/uploads\/2022\/02\/Grupa-II-3-768x576.jpg 768w, https:\/\/zsp16.wroclaw.pl\/p16wroclaw\/wp-content\/uploads\/2022\/02\/Grupa-II-3-1536x1152.jpg 1536w, https:\/\/zsp16.wroclaw.pl\/p16wroclaw\/wp-content\/uploads\/2022\/02\/Grupa-II-3.jpg 2000w\" sizes=\"auto, (max-width: 500px) 100vw, 500px\" \/><figcaption id=\"caption-attachment-937\" class=\"wp-caption-text\">Grupa II podczas zaj\u0119\u0107 z pani\u0105 Agnieszk\u0105 o numerze alarmowym 112<\/figcaption><\/figure>\n<figure id=\"attachment_936\" aria-describedby=\"caption-attachment-936\" style=\"width: 500px\" class=\"wp-caption alignleft\"><img loading=\"lazy\" decoding=\"async\" class=\"wp-image-936\" src=\"http:\/\/zsp16.wroclaw.pl\/p16wroclaw\/wp-content\/uploads\/2022\/02\/Grupa-I-4-300x169.jpg\" alt=\"Grupa I (4)\" width=\"500\" height=\"281\" srcset=\"https:\/\/zsp16.wroclaw.pl\/p16wroclaw\/wp-content\/uploads\/2022\/02\/Grupa-I-4-300x169.jpg 300w, https:\/\/zsp16.wroclaw.pl\/p16wroclaw\/wp-content\/uploads\/2022\/02\/Grupa-I-4-1024x576.jpg 1024w, https:\/\/zsp16.wroclaw.pl\/p16wroclaw\/wp-content\/uploads\/2022\/02\/Grupa-I-4-768x432.jpg 768w, https:\/\/zsp16.wroclaw.pl\/p16wroclaw\/wp-content\/uploads\/2022\/02\/Grupa-I-4-1536x864.jpg 1536w, https:\/\/zsp16.wroclaw.pl\/p16wroclaw\/wp-content\/uploads\/2022\/02\/Grupa-I-4-2048x1152.jpg 2048w\" sizes=\"auto, (max-width: 500px) 100vw, 500px\" \/><figcaption id=\"caption-attachment-936\" class=\"wp-caption-text\">Przedszkolaki z grupy I podczas zaj\u0119\u0107 o numerze alarmowym 112<\/figcaption><\/figure>\n","protected":false},"excerpt":{"rendered":"<p>11 lutego obchodzony jest\u00a0Europejski Dzie\u0144 Numeru Alarmowego 112.\u00a0To bardzo wa\u017cny numer telefoniczny, o\u00a0kt\u00f3rym powinien wiedzie\u0107 ka\u017cdy cz\u0142owiek, nawet ten najmniejszy. R\u00f3wnie\u017c dzieciaki z I i II grupy zosta\u0142y zapoznane z&hellip;<\/p>\n","protected":false},"author":2,"featured_media":939,"comment_status":"closed","ping_status":"closed","sticky":false,"template":"","format":"standard","meta":{"footnotes":""},"categories":[19],"tags":[],"class_list":["post-935","post","type-post","status-publish","format-standard","has-post-thumbnail","hentry","category-wydarzylo-sie"],"_links":{"self":[{"href":"https:\/\/zsp16.wroclaw.pl\/p16wroclaw\/wp-json\/wp\/v2\/posts\/935","targetHints":{"allow":["GET"]}}],"collection":[{"href":"https:\/\/zsp16.wroclaw.pl\/p16wroclaw\/wp-json\/wp\/v2\/posts"}],"about":[{"href":"https:\/\/zsp16.wroclaw.pl\/p16wroclaw\/wp-json\/wp\/v2\/types\/post"}],"author":[{"embeddable":true,"href":"https:\/\/zsp16.wroclaw.pl\/p16wroclaw\/wp-json\/wp\/v2\/users\/2"}],"replies":[{"embeddable":true,"href":"https:\/\/zsp16.wroclaw.pl\/p16wroclaw\/wp-json\/wp\/v2\/comments?post=935"}],"version-history":[{"count":1,"href":"https:\/\/zsp16.wroclaw.pl\/p16wroclaw\/wp-json\/wp\/v2\/posts\/935\/revisions"}],"predecessor-version":[{"id":940,"href":"https:\/\/zsp16.wroclaw.pl\/p16wroclaw\/wp-json\/wp\/v2\/posts\/935\/revisions\/940"}],"wp:featuredmedia":[{"embeddable":true,"href":"https:\/\/zsp16.wroclaw.pl\/p16wroclaw\/wp-json\/wp\/v2\/media\/939"}],"wp:attachment":[{"href":"https:\/\/zsp16.wroclaw.pl\/p16wroclaw\/wp-json\/wp\/v2\/media?parent=935"}],"wp:term":[{"taxonomy":"category","embeddable":true,"href":"https:\/\/zsp16.wroclaw.pl\/p16wroclaw\/wp-json\/wp\/v2\/categories?post=935"},{"taxonomy":"post_tag","embeddable":true,"href":"https:\/\/zsp16.wroclaw.pl\/p16wroclaw\/wp-json\/wp\/v2\/tags?post=935"}],"curies":[{"name":"wp","href":"https:\/\/api.w.org\/{rel}","templated":true}]}}