{"id":961,"date":"2022-02-19T20:30:05","date_gmt":"2022-02-19T19:30:05","guid":{"rendered":"http:\/\/zsp16.wroclaw.pl\/p16wroclaw\/?p=961"},"modified":"2022-02-27T12:27:02","modified_gmt":"2022-02-27T11:27:02","slug":"wizyta-gr-v-vi-i-vii-w-bibliotece","status":"publish","type":"post","link":"https:\/\/zsp16.wroclaw.pl\/p16wroclaw\/2022\/02\/19\/wizyta-gr-v-vi-i-vii-w-bibliotece\/","title":{"rendered":"Wizyta gr. V, VI i VII w bibliotece"},"content":{"rendered":"<p>Dzieci z grup\u00a0V, VI oraz VII w \u015brod\u0119 (tj. 16.02.2022) odwiedzi\u0142y Bibliotek\u0119 Szkoln\u0105 w ZSP nr 16. Podczas wizyty w bibliotece dzieci mia\u0142y mo\u017cliwo\u015b\u0107 przej\u015b\u0107 mi\u0119dzy rega\u0142ami \u2013 najbardziej zainteresowa\u0142y je rega\u0142y z kolorowymi ksi\u0105\u017ckami dla najm\u0142odszych. Pani bibliotekarka w przyst\u0119pny spos\u00f3b opowiada\u0142a o bibliotece i o zbiorach na p\u00f3\u0142kach. Przedszkolaki dowiedzia\u0142y si\u0119, co nale\u017cy zrobi\u0107, aby sta\u0107 si\u0119 czytelnikiem biblioteki oraz jak nale\u017cy si\u0119 w niej zachowa\u0107.\u00a0 Zobaczy\u0142y tak\u017ce jak wygl\u0105da karta czytelnika, a tak\u017ce pozna\u0142y zasady wypo\u017cyczania ksi\u0105\u017cek. Na zako\u0144czenie wizyty, dzieci obejrza\u0142y filmow\u0105 adaptacj\u0119 ksi\u0105\u017cki \u201eBasia i gotowanie\u201d. Spotkanie odbywa\u0142o si\u0119 w mi\u0142ej, pe\u0142nej u\u015bmiech\u00f3w i wra\u017ce\u0144 atmosferze. Dla wielu przedszkolak\u00f3w, by\u0142a to pierwsza wizyta w \u201edomu ksi\u0105\u017cek\u201d, ale na pewno nie ostatnia.<\/p>\n<figure id=\"attachment_962\" aria-describedby=\"caption-attachment-962\" style=\"width: 500px\" class=\"wp-caption alignleft\"><img loading=\"lazy\" decoding=\"async\" class=\"wp-image-962\" src=\"http:\/\/zsp16.wroclaw.pl\/p16wroclaw\/wp-content\/uploads\/2022\/02\/Gr.-V-1-225x300.jpeg\" alt=\"Gr. V (1)\" width=\"500\" height=\"667\" srcset=\"https:\/\/zsp16.wroclaw.pl\/p16wroclaw\/wp-content\/uploads\/2022\/02\/Gr.-V-1-225x300.jpeg 225w, https:\/\/zsp16.wroclaw.pl\/p16wroclaw\/wp-content\/uploads\/2022\/02\/Gr.-V-1-768x1024.jpeg 768w, https:\/\/zsp16.wroclaw.pl\/p16wroclaw\/wp-content\/uploads\/2022\/02\/Gr.-V-1-1152x1536.jpeg 1152w, https:\/\/zsp16.wroclaw.pl\/p16wroclaw\/wp-content\/uploads\/2022\/02\/Gr.-V-1.jpeg 1536w\" sizes=\"auto, (max-width: 500px) 100vw, 500px\" \/><figcaption id=\"caption-attachment-962\" class=\"wp-caption-text\">Dzieci z gr. V zapoznaj\u0105ce si\u0119 z zasadami wypo\u017cyczania ksi\u0105\u017cek w bibliotece.<\/figcaption><\/figure>\n<figure id=\"attachment_963\" aria-describedby=\"caption-attachment-963\" style=\"width: 500px\" class=\"wp-caption alignleft\"><img loading=\"lazy\" decoding=\"async\" class=\"wp-image-963\" src=\"http:\/\/zsp16.wroclaw.pl\/p16wroclaw\/wp-content\/uploads\/2022\/02\/Gr.-V-2-225x300.jpeg\" alt=\"Gr. V (2)\" width=\"500\" height=\"667\" srcset=\"https:\/\/zsp16.wroclaw.pl\/p16wroclaw\/wp-content\/uploads\/2022\/02\/Gr.-V-2-225x300.jpeg 225w, https:\/\/zsp16.wroclaw.pl\/p16wroclaw\/wp-content\/uploads\/2022\/02\/Gr.-V-2-768x1024.jpeg 768w, https:\/\/zsp16.wroclaw.pl\/p16wroclaw\/wp-content\/uploads\/2022\/02\/Gr.-V-2-1152x1536.jpeg 1152w, https:\/\/zsp16.wroclaw.pl\/p16wroclaw\/wp-content\/uploads\/2022\/02\/Gr.-V-2.jpeg 1536w\" sizes=\"auto, (max-width: 500px) 100vw, 500px\" \/><figcaption id=\"caption-attachment-963\" class=\"wp-caption-text\">Przedszkolaki z gr. V podczas ogl\u0105dania filmu animowanego &#8222;Basia i gotowanie&#8221;.<\/figcaption><\/figure>\n<figure id=\"attachment_964\" aria-describedby=\"caption-attachment-964\" style=\"width: 500px\" class=\"wp-caption alignleft\"><img loading=\"lazy\" decoding=\"async\" class=\"wp-image-964\" src=\"http:\/\/zsp16.wroclaw.pl\/p16wroclaw\/wp-content\/uploads\/2022\/02\/Gr.-VI-1-300x225.jpeg\" alt=\"Gr. VI (1)\" width=\"500\" height=\"375\" srcset=\"https:\/\/zsp16.wroclaw.pl\/p16wroclaw\/wp-content\/uploads\/2022\/02\/Gr.-VI-1-300x225.jpeg 300w, https:\/\/zsp16.wroclaw.pl\/p16wroclaw\/wp-content\/uploads\/2022\/02\/Gr.-VI-1-1024x768.jpeg 1024w, https:\/\/zsp16.wroclaw.pl\/p16wroclaw\/wp-content\/uploads\/2022\/02\/Gr.-VI-1-768x576.jpeg 768w, https:\/\/zsp16.wroclaw.pl\/p16wroclaw\/wp-content\/uploads\/2022\/02\/Gr.-VI-1.jpeg 1440w\" sizes=\"auto, (max-width: 500px) 100vw, 500px\" \/><figcaption id=\"caption-attachment-964\" class=\"wp-caption-text\">Dzieci z gr.VI ogl\u0105daj\u0105ce rega\u0142y z ksi\u0105\u017ckami dla najm\u0142odszych.<\/figcaption><\/figure>\n<figure id=\"attachment_965\" aria-describedby=\"caption-attachment-965\" style=\"width: 500px\" class=\"wp-caption alignleft\"><img loading=\"lazy\" decoding=\"async\" class=\"wp-image-965\" src=\"http:\/\/zsp16.wroclaw.pl\/p16wroclaw\/wp-content\/uploads\/2022\/02\/Gr.-VI-2-300x225.jpeg\" alt=\"Gr. VI (2)\" width=\"500\" height=\"375\" srcset=\"https:\/\/zsp16.wroclaw.pl\/p16wroclaw\/wp-content\/uploads\/2022\/02\/Gr.-VI-2-300x225.jpeg 300w, https:\/\/zsp16.wroclaw.pl\/p16wroclaw\/wp-content\/uploads\/2022\/02\/Gr.-VI-2-1024x768.jpeg 1024w, https:\/\/zsp16.wroclaw.pl\/p16wroclaw\/wp-content\/uploads\/2022\/02\/Gr.-VI-2-768x576.jpeg 768w, https:\/\/zsp16.wroclaw.pl\/p16wroclaw\/wp-content\/uploads\/2022\/02\/Gr.-VI-2.jpeg 1440w\" sizes=\"auto, (max-width: 500px) 100vw, 500px\" \/><figcaption id=\"caption-attachment-965\" class=\"wp-caption-text\">Pani bibliotekarka opowiadaj\u0105ca dzieciom z gr. VI o swojej pracy w bibliotece.<\/figcaption><\/figure>\n<figure id=\"attachment_966\" aria-describedby=\"caption-attachment-966\" style=\"width: 500px\" class=\"wp-caption alignleft\"><img loading=\"lazy\" decoding=\"async\" class=\"wp-image-966\" src=\"http:\/\/zsp16.wroclaw.pl\/p16wroclaw\/wp-content\/uploads\/2022\/02\/Gr.-VII-1-300x225.jpg\" alt=\"Gr. VII (1)\" width=\"500\" height=\"375\" srcset=\"https:\/\/zsp16.wroclaw.pl\/p16wroclaw\/wp-content\/uploads\/2022\/02\/Gr.-VII-1-300x225.jpg 300w, https:\/\/zsp16.wroclaw.pl\/p16wroclaw\/wp-content\/uploads\/2022\/02\/Gr.-VII-1-1024x768.jpg 1024w, https:\/\/zsp16.wroclaw.pl\/p16wroclaw\/wp-content\/uploads\/2022\/02\/Gr.-VII-1-768x576.jpg 768w, https:\/\/zsp16.wroclaw.pl\/p16wroclaw\/wp-content\/uploads\/2022\/02\/Gr.-VII-1-1536x1152.jpg 1536w, https:\/\/zsp16.wroclaw.pl\/p16wroclaw\/wp-content\/uploads\/2022\/02\/Gr.-VII-1-2048x1536.jpg 2048w\" sizes=\"auto, (max-width: 500px) 100vw, 500px\" \/><figcaption id=\"caption-attachment-966\" class=\"wp-caption-text\">Dzieci z gr. VII w trakcie ogl\u0105dania wystawy w bibliotece szkolnej.<\/figcaption><\/figure>\n<figure id=\"attachment_967\" aria-describedby=\"caption-attachment-967\" style=\"width: 500px\" class=\"wp-caption alignleft\"><img loading=\"lazy\" decoding=\"async\" class=\"wp-image-967\" src=\"http:\/\/zsp16.wroclaw.pl\/p16wroclaw\/wp-content\/uploads\/2022\/02\/Gr.-VII-2-225x300.jpg\" alt=\"Gr. VII (2)\" width=\"500\" height=\"667\" srcset=\"https:\/\/zsp16.wroclaw.pl\/p16wroclaw\/wp-content\/uploads\/2022\/02\/Gr.-VII-2-225x300.jpg 225w, https:\/\/zsp16.wroclaw.pl\/p16wroclaw\/wp-content\/uploads\/2022\/02\/Gr.-VII-2-768x1024.jpg 768w, https:\/\/zsp16.wroclaw.pl\/p16wroclaw\/wp-content\/uploads\/2022\/02\/Gr.-VII-2-1152x1536.jpg 1152w, https:\/\/zsp16.wroclaw.pl\/p16wroclaw\/wp-content\/uploads\/2022\/02\/Gr.-VII-2-1536x2048.jpg 1536w, https:\/\/zsp16.wroclaw.pl\/p16wroclaw\/wp-content\/uploads\/2022\/02\/Gr.-VII-2-scaled.jpg 1920w\" sizes=\"auto, (max-width: 500px) 100vw, 500px\" \/><figcaption id=\"caption-attachment-967\" class=\"wp-caption-text\">Dzieci z gr. VII pozuj\u0105ce w\u015br\u00f3d rega\u0142\u00f3w z ksi\u0105\u017ckami.<\/figcaption><\/figure>\n<p>&nbsp;<\/p>\n","protected":false},"excerpt":{"rendered":"<p>Dzieci z grup\u00a0V, VI oraz VII w \u015brod\u0119 (tj. 16.02.2022) odwiedzi\u0142y Bibliotek\u0119 Szkoln\u0105 w ZSP nr 16. Podczas wizyty w bibliotece dzieci mia\u0142y mo\u017cliwo\u015b\u0107 przej\u015b\u0107 mi\u0119dzy rega\u0142ami \u2013 najbardziej zainteresowa\u0142y&hellip;<\/p>\n","protected":false},"author":2,"featured_media":965,"comment_status":"closed","ping_status":"closed","sticky":false,"template":"","format":"standard","meta":{"footnotes":""},"categories":[19],"tags":[],"class_list":["post-961","post","type-post","status-publish","format-standard","has-post-thumbnail","hentry","category-wydarzylo-sie"],"_links":{"self":[{"href":"https:\/\/zsp16.wroclaw.pl\/p16wroclaw\/wp-json\/wp\/v2\/posts\/961","targetHints":{"allow":["GET"]}}],"collection":[{"href":"https:\/\/zsp16.wroclaw.pl\/p16wroclaw\/wp-json\/wp\/v2\/posts"}],"about":[{"href":"https:\/\/zsp16.wroclaw.pl\/p16wroclaw\/wp-json\/wp\/v2\/types\/post"}],"author":[{"embeddable":true,"href":"https:\/\/zsp16.wroclaw.pl\/p16wroclaw\/wp-json\/wp\/v2\/users\/2"}],"replies":[{"embeddable":true,"href":"https:\/\/zsp16.wroclaw.pl\/p16wroclaw\/wp-json\/wp\/v2\/comments?post=961"}],"version-history":[{"count":1,"href":"https:\/\/zsp16.wroclaw.pl\/p16wroclaw\/wp-json\/wp\/v2\/posts\/961\/revisions"}],"predecessor-version":[{"id":968,"href":"https:\/\/zsp16.wroclaw.pl\/p16wroclaw\/wp-json\/wp\/v2\/posts\/961\/revisions\/968"}],"wp:featuredmedia":[{"embeddable":true,"href":"https:\/\/zsp16.wroclaw.pl\/p16wroclaw\/wp-json\/wp\/v2\/media\/965"}],"wp:attachment":[{"href":"https:\/\/zsp16.wroclaw.pl\/p16wroclaw\/wp-json\/wp\/v2\/media?parent=961"}],"wp:term":[{"taxonomy":"category","embeddable":true,"href":"https:\/\/zsp16.wroclaw.pl\/p16wroclaw\/wp-json\/wp\/v2\/categories?post=961"},{"taxonomy":"post_tag","embeddable":true,"href":"https:\/\/zsp16.wroclaw.pl\/p16wroclaw\/wp-json\/wp\/v2\/tags?post=961"}],"curies":[{"name":"wp","href":"https:\/\/api.w.org\/{rel}","templated":true}]}}