{"id":6819,"date":"2024-06-18T19:09:22","date_gmt":"2024-06-18T17:09:22","guid":{"rendered":"https:\/\/zsp16.wroclaw.pl\/sp16wroclaw\/?p=6819"},"modified":"2024-06-18T19:09:30","modified_gmt":"2024-06-18T17:09:30","slug":"poznajemy-kompozytorow-polskich-xix-i-xx-wieku-projekt-edukacyjny-z-muzyki","status":"publish","type":"post","link":"https:\/\/zsp16.wroclaw.pl\/sp16wroclaw\/2024\/06\/18\/poznajemy-kompozytorow-polskich-xix-i-xx-wieku-projekt-edukacyjny-z-muzyki\/","title":{"rendered":"Poznajemy kompozytor\u00f3w polskich XIX i XX wieku &#8211; projekt edukacyjny z muzyki"},"content":{"rendered":"<p>W II semestrze uczniowie klas VII realizowali Projekt edukacyjny. Projekt polega\u0142 na samodzielnym zebraniu informacji o polskich kompozytorach i przedstawieniu ich w postaci prezentacji i wyk\u0142adu podczas lekcji w klasie. W ramach projektu uczniowie wykonali r\u00f3wnie\u017c plakaty na temat wybranego kompozytora. Efekty ich pracy mo\u017cna by\u0142o zobaczy\u0107 w pracowni muzycznej. Praca projektowa okaza\u0142a si\u0119 bardzo owocna i przynios\u0142a korzy\u015bci w postaci podniesienia wiedzy uczni\u00f3w nie tylko na temat \u017cycia muzycznego w Polsce w XIX i XX wieku ale r\u00f3wnie\u017c pog\u0142\u0119bi\u0142a wiedz\u0119 z dziedziny historii i j\u0119zyka polskiego.<\/p>\n<p>Ze wzgl\u0119du na pozytywne rezultaty, projekt ten b\u0119dzie realizowany r\u00f3wnie\u017c w kolejnych latach.<\/p>\n<p>Katarzyna Sroka<\/p>\n<figure id=\"attachment_6833\" aria-describedby=\"caption-attachment-6833\" style=\"width: 900px\" class=\"wp-caption alignnone\"><img loading=\"lazy\" decoding=\"async\" class=\"size-large wp-image-6833\" src=\"http:\/\/zsp16.wroclaw.pl\/sp16wroclaw\/wp-content\/uploads\/2024\/06\/IMG_5461-1024x787.png\" alt=\"Projekt edukacyjny - Stanis\u0142aw Moniuszko\" width=\"900\" height=\"692\" srcset=\"https:\/\/zsp16.wroclaw.pl\/sp16wroclaw\/wp-content\/uploads\/2024\/06\/IMG_5461-1024x787.png 1024w, https:\/\/zsp16.wroclaw.pl\/sp16wroclaw\/wp-content\/uploads\/2024\/06\/IMG_5461-300x230.png 300w, https:\/\/zsp16.wroclaw.pl\/sp16wroclaw\/wp-content\/uploads\/2024\/06\/IMG_5461-768x590.png 768w, https:\/\/zsp16.wroclaw.pl\/sp16wroclaw\/wp-content\/uploads\/2024\/06\/IMG_5461-1536x1180.png 1536w, https:\/\/zsp16.wroclaw.pl\/sp16wroclaw\/wp-content\/uploads\/2024\/06\/IMG_5461.png 2048w\" sizes=\"auto, (max-width: 900px) 100vw, 900px\" \/><figcaption id=\"caption-attachment-6833\" class=\"wp-caption-text\">Projekt edukacyjny &#8211; Stanis\u0142aw Moniuszko<\/figcaption><\/figure>\n<figure id=\"attachment_6831\" aria-describedby=\"caption-attachment-6831\" style=\"width: 900px\" class=\"wp-caption alignnone\"><img loading=\"lazy\" decoding=\"async\" class=\"size-large wp-image-6831\" src=\"http:\/\/zsp16.wroclaw.pl\/sp16wroclaw\/wp-content\/uploads\/2024\/06\/IMG_5440-1024x1024.png\" alt=\"Projekt edukacyjny - Ignacy Jan Paderewski\" width=\"900\" height=\"900\" srcset=\"https:\/\/zsp16.wroclaw.pl\/sp16wroclaw\/wp-content\/uploads\/2024\/06\/IMG_5440-1024x1024.png 1024w, https:\/\/zsp16.wroclaw.pl\/sp16wroclaw\/wp-content\/uploads\/2024\/06\/IMG_5440-300x300.png 300w, https:\/\/zsp16.wroclaw.pl\/sp16wroclaw\/wp-content\/uploads\/2024\/06\/IMG_5440-150x150.png 150w, https:\/\/zsp16.wroclaw.pl\/sp16wroclaw\/wp-content\/uploads\/2024\/06\/IMG_5440-768x768.png 768w, https:\/\/zsp16.wroclaw.pl\/sp16wroclaw\/wp-content\/uploads\/2024\/06\/IMG_5440-1536x1536.png 1536w, https:\/\/zsp16.wroclaw.pl\/sp16wroclaw\/wp-content\/uploads\/2024\/06\/IMG_5440.png 2048w\" sizes=\"auto, (max-width: 900px) 100vw, 900px\" \/><figcaption id=\"caption-attachment-6831\" class=\"wp-caption-text\">Projekt edukacyjny &#8211; Ignacy Jan Paderewski<\/figcaption><\/figure>\n<figure id=\"attachment_6828\" aria-describedby=\"caption-attachment-6828\" style=\"width: 900px\" class=\"wp-caption alignnone\"><img loading=\"lazy\" decoding=\"async\" class=\"size-large wp-image-6828\" src=\"http:\/\/zsp16.wroclaw.pl\/sp16wroclaw\/wp-content\/uploads\/2024\/06\/IMG_5432-1004x1024.png\" alt=\"Projekt edukacyjny - Karol Szymanowski\" width=\"900\" height=\"918\" srcset=\"https:\/\/zsp16.wroclaw.pl\/sp16wroclaw\/wp-content\/uploads\/2024\/06\/IMG_5432-1004x1024.png 1004w, https:\/\/zsp16.wroclaw.pl\/sp16wroclaw\/wp-content\/uploads\/2024\/06\/IMG_5432-294x300.png 294w, https:\/\/zsp16.wroclaw.pl\/sp16wroclaw\/wp-content\/uploads\/2024\/06\/IMG_5432-768x784.png 768w, https:\/\/zsp16.wroclaw.pl\/sp16wroclaw\/wp-content\/uploads\/2024\/06\/IMG_5432-1505x1536.png 1505w, https:\/\/zsp16.wroclaw.pl\/sp16wroclaw\/wp-content\/uploads\/2024\/06\/IMG_5432.png 2007w\" sizes=\"auto, (max-width: 900px) 100vw, 900px\" \/><figcaption id=\"caption-attachment-6828\" class=\"wp-caption-text\">Projekt edukacyjny &#8211; Karol Szymanowski<\/figcaption><\/figure>\n<figure id=\"attachment_6829\" aria-describedby=\"caption-attachment-6829\" style=\"width: 900px\" class=\"wp-caption alignnone\"><img loading=\"lazy\" decoding=\"async\" class=\"size-large wp-image-6829\" src=\"http:\/\/zsp16.wroclaw.pl\/sp16wroclaw\/wp-content\/uploads\/2024\/06\/IMG_5433-1024x980.png\" alt=\"Projekt edukacyjny - Mieczys\u0142aw Kar\u0142owicz\" width=\"900\" height=\"861\" srcset=\"https:\/\/zsp16.wroclaw.pl\/sp16wroclaw\/wp-content\/uploads\/2024\/06\/IMG_5433-1024x980.png 1024w, https:\/\/zsp16.wroclaw.pl\/sp16wroclaw\/wp-content\/uploads\/2024\/06\/IMG_5433-300x287.png 300w, https:\/\/zsp16.wroclaw.pl\/sp16wroclaw\/wp-content\/uploads\/2024\/06\/IMG_5433-768x735.png 768w, https:\/\/zsp16.wroclaw.pl\/sp16wroclaw\/wp-content\/uploads\/2024\/06\/IMG_5433-1536x1470.png 1536w, https:\/\/zsp16.wroclaw.pl\/sp16wroclaw\/wp-content\/uploads\/2024\/06\/IMG_5433.png 2048w\" sizes=\"auto, (max-width: 900px) 100vw, 900px\" \/><figcaption id=\"caption-attachment-6829\" class=\"wp-caption-text\">Projekt edukacyjny &#8211; Mieczys\u0142aw Kar\u0142owicz<\/figcaption><\/figure>\n<figure id=\"attachment_6830\" aria-describedby=\"caption-attachment-6830\" style=\"width: 900px\" class=\"wp-caption alignnone\"><img loading=\"lazy\" decoding=\"async\" class=\"size-large wp-image-6830\" src=\"http:\/\/zsp16.wroclaw.pl\/sp16wroclaw\/wp-content\/uploads\/2024\/06\/IMG_5435-957x1024.png\" alt=\"Projekt edukacyjny - Ignacy Jan Paderewski\" width=\"900\" height=\"963\" srcset=\"https:\/\/zsp16.wroclaw.pl\/sp16wroclaw\/wp-content\/uploads\/2024\/06\/IMG_5435-957x1024.png 957w, https:\/\/zsp16.wroclaw.pl\/sp16wroclaw\/wp-content\/uploads\/2024\/06\/IMG_5435-280x300.png 280w, https:\/\/zsp16.wroclaw.pl\/sp16wroclaw\/wp-content\/uploads\/2024\/06\/IMG_5435-768x822.png 768w, https:\/\/zsp16.wroclaw.pl\/sp16wroclaw\/wp-content\/uploads\/2024\/06\/IMG_5435-1436x1536.png 1436w, https:\/\/zsp16.wroclaw.pl\/sp16wroclaw\/wp-content\/uploads\/2024\/06\/IMG_5435.png 1914w\" sizes=\"auto, (max-width: 900px) 100vw, 900px\" \/><figcaption id=\"caption-attachment-6830\" class=\"wp-caption-text\">Projekt edukacyjny &#8211; Ignacy Jan Paderewski<\/figcaption><\/figure>\n<figure id=\"attachment_6832\" aria-describedby=\"caption-attachment-6832\" style=\"width: 900px\" class=\"wp-caption alignnone\"><img loading=\"lazy\" decoding=\"async\" class=\"size-large wp-image-6832\" src=\"http:\/\/zsp16.wroclaw.pl\/sp16wroclaw\/wp-content\/uploads\/2024\/06\/IMG_5441-1024x768.png\" alt=\"Projekt edukacyjny - Stanis\u0142aw Moniuszko\" width=\"900\" height=\"675\" srcset=\"https:\/\/zsp16.wroclaw.pl\/sp16wroclaw\/wp-content\/uploads\/2024\/06\/IMG_5441-1024x768.png 1024w, https:\/\/zsp16.wroclaw.pl\/sp16wroclaw\/wp-content\/uploads\/2024\/06\/IMG_5441-300x225.png 300w, https:\/\/zsp16.wroclaw.pl\/sp16wroclaw\/wp-content\/uploads\/2024\/06\/IMG_5441-768x576.png 768w, https:\/\/zsp16.wroclaw.pl\/sp16wroclaw\/wp-content\/uploads\/2024\/06\/IMG_5441-1536x1152.png 1536w, https:\/\/zsp16.wroclaw.pl\/sp16wroclaw\/wp-content\/uploads\/2024\/06\/IMG_5441.png 2048w\" sizes=\"auto, (max-width: 900px) 100vw, 900px\" \/><figcaption id=\"caption-attachment-6832\" class=\"wp-caption-text\">Projekt edukacyjny &#8211; Stanis\u0142aw Moniuszko<\/figcaption><\/figure>\n<p>&nbsp;<\/p>\n","protected":false},"excerpt":{"rendered":"<p>W II semestrze uczniowie klas VII realizowali Projekt edukacyjny. Projekt polega\u0142 na samodzielnym zebraniu informacji o polskich kompozytorach i przedstawieniu ich w postaci prezentacji i wyk\u0142adu podczas lekcji w klasie.&hellip;<\/p>\n","protected":false},"author":2,"featured_media":0,"comment_status":"closed","ping_status":"closed","sticky":false,"template":"","format":"standard","meta":{"footnotes":""},"categories":[55,11],"tags":[],"class_list":["post-6819","post","type-post","status-publish","format-standard","hentry","category-projkety","category-wydarzylo-sie"],"_links":{"self":[{"href":"https:\/\/zsp16.wroclaw.pl\/sp16wroclaw\/wp-json\/wp\/v2\/posts\/6819","targetHints":{"allow":["GET"]}}],"collection":[{"href":"https:\/\/zsp16.wroclaw.pl\/sp16wroclaw\/wp-json\/wp\/v2\/posts"}],"about":[{"href":"https:\/\/zsp16.wroclaw.pl\/sp16wroclaw\/wp-json\/wp\/v2\/types\/post"}],"author":[{"embeddable":true,"href":"https:\/\/zsp16.wroclaw.pl\/sp16wroclaw\/wp-json\/wp\/v2\/users\/2"}],"replies":[{"embeddable":true,"href":"https:\/\/zsp16.wroclaw.pl\/sp16wroclaw\/wp-json\/wp\/v2\/comments?post=6819"}],"version-history":[{"count":2,"href":"https:\/\/zsp16.wroclaw.pl\/sp16wroclaw\/wp-json\/wp\/v2\/posts\/6819\/revisions"}],"predecessor-version":[{"id":6839,"href":"https:\/\/zsp16.wroclaw.pl\/sp16wroclaw\/wp-json\/wp\/v2\/posts\/6819\/revisions\/6839"}],"wp:attachment":[{"href":"https:\/\/zsp16.wroclaw.pl\/sp16wroclaw\/wp-json\/wp\/v2\/media?parent=6819"}],"wp:term":[{"taxonomy":"category","embeddable":true,"href":"https:\/\/zsp16.wroclaw.pl\/sp16wroclaw\/wp-json\/wp\/v2\/categories?post=6819"},{"taxonomy":"post_tag","embeddable":true,"href":"https:\/\/zsp16.wroclaw.pl\/sp16wroclaw\/wp-json\/wp\/v2\/tags?post=6819"}],"curies":[{"name":"wp","href":"https:\/\/api.w.org\/{rel}","templated":true}]}}